{"id":22036,"date":"1999-01-30T20:59:18","date_gmt":"1999-01-30T20:59:18","guid":{"rendered":"https:\/\/fvarelaart.com\/?p=22036"},"modified":"2024-03-15T18:35:36","modified_gmt":"2024-03-15T18:35:36","slug":"la-magia-del-miedo-3","status":"publish","type":"post","link":"https:\/\/fvarelaart.com\/en\/articulos\/la-magia-del-miedo-3\/","title":{"rendered":"La Magia del Miedo"},"content":{"rendered":"<div data-elementor-type=\"wp-post\" data-elementor-id=\"22036\" class=\"elementor elementor-22036\" data-elementor-post-type=\"post\">\n\t\t\t\t<div class=\"wd-negative-gap elementor-element elementor-element-247b40fa e-flex e-con-boxed e-con e-parent\" data-id=\"247b40fa\" data-element_type=\"container\">\n\t\t\t\t\t<div class=\"e-con-inner\">\n\t\t\t\t<div class=\"elementor-element elementor-element-396b32a1 color-scheme-inherit text-left elementor-widget elementor-widget-text-editor\" data-id=\"396b32a1\" data-element_type=\"widget\" data-widget_type=\"text-editor.default\">\n\t\t\t\t<div class=\"elementor-widget-container\">\n\t\t\t\t\t\t\t\t\t<p>Can contemporary art explain the world in the same way as philosophy or religion? Fernando Varela adds his experience as an artist to his philosophical knowledge, his religious feelings, the practice and enjoyment of literature and music, in his plastic work, in a possible attempt to explain the world with his paintings and installations.<\/p><p>In The Magic of Fear he enters the field of installation, but not as a fascinating game, nor as a charmer of the masses at the end of the century, but as another extension of his plastic possibilities to explain himself and make himself understood.<\/p><p>In the usual relationship of the artist with his environment, the people very rarely participate in the artistic process; Here Fernando Varela carries out a sociological survey to find out what the 6 or 7 most common fears of the population are, which will be reflected on the walls of the Sala Prats Vent\u00f3s. Also in these facilities, visitors can write their fears and reflections, where they will remain on display along with the reflections of thinkers who have explored the topic. At the back of the room the chapter The Magic of Fear by the philosopher Scheneidefranken appears written. This same writing will be presented in the form of a scroll with the text. In this installation, the public-artistic relationship extends beyond the mere contemplation of the work, participation is as important in this work as its plastic image.<\/p><p>Dualidad is a museum-worthy piece, not only for its artistic quality and magnificent execution, but because it is fundamental to understanding the work of Fernando Varela, in his search for the origin, for the essential. In this work Varela presents the symmetry of the opposite.<\/p><p>The formal conceptualization of an interior experience originated by a feverish process in the author&#039;s childhood and repeated in his maturity in a state of deep prayer, gives rise to the installation Altered States, in which he represents the &quot;simultaneous experience of the Whole as the incommensurable and the least as the self.<\/p><p>One of the artists who has most influenced contemporary and global art in the second half of the 20th century is Joseph Beuys. Fernando Varela shares his mystical and visual concerns with the great Central European artist, which is why he has created five boxes in Homage to Beuys containing images, objects, and materials such as grease, felt, wood, and beeswax, which merge Varela&#039;s aesthetic with that of Beuys.<\/p><p>If the aesthetic manifesto was the work Duality; The ethical manifesto is represented by Unification, where letters are the basic component of language and make up the word love, the key to reaching knowledge or Divine Experience.<\/p><p>The cross that makes up Requiem is the symbol of that Divine experience; concrete in a religion, in this piece the seven movements of Faure&#039;s Requiem are written in each of the squares that form the cross. Music, literature, painting and religion come together in a composition in which Fernando Varela demonstrates his mastery of the elements and artistic lucidity.<\/p><p>In the Larrama Gallery the pictorial explosion Fernando Varela \u2013 Recent Works is shown. Compartmentalization, order, opposition, contrast, perfection, detail dominate in this pictorial collection; even the format is so measured that it is obviously the result of its inherently proportioned geometry.<\/p><p>In addition to the gestural containment that dominates Varela&#039;s last stage, the painting The Formation of Duality serves as a magnificent interlude between one stage and another. The compartmentalization that will be forceful in the other paintings, here is attenuated by the almost ogival elliptical shape, in which the pool of letters appears, all in the earthy colors, so specific to Varela, and the upper part that we see from explicitly and didactically, the formation of the dual sign that will be common and that in another work such as Genesis II appears in its intermediate state.<\/p><p>The palette becomes increasingly colder, dominating grays and bluish, fuchsia white and black. The oval and spiral shapes are opposed to an infinite soup of letters that sometimes occupies the entire surface of the painting, with a quality of textures that is uncommon in contemporary art, comparable to Tapies.<\/p><p>Like Robert Ryman, Varela is an optimistic and serene painter who seeks to delight our senses. His works should affect the viewer in the same way that listening to good music affects us.<\/p>\t\t\t\t\t\t\t\t<\/div>\n\t\t\t\t<\/div>\n\t\t\t\t\t<\/div>\n\t\t\t\t<\/div>\n\t\t<div class=\"wd-negative-gap elementor-element elementor-element-6634628 e-flex e-con-boxed e-con e-parent\" data-id=\"6634628\" data-element_type=\"container\">\n\t\t\t\t\t<div class=\"e-con-inner\">\n\t\t<div class=\"elementor-element elementor-element-d2917f2 e-con-full e-flex e-con e-child\" data-id=\"d2917f2\" data-element_type=\"container\">\n\t\t\t\t<div class=\"elementor-element elementor-element-baa2f81 elementor-widget elementor-widget-heading\" data-id=\"baa2f81\" data-element_type=\"widget\" data-widget_type=\"heading.default\">\n\t\t\t\t<div class=\"elementor-widget-container\">\n\t\t\t\t\t<h1 class=\"elementor-heading-title elementor-size-default\">Related Exhibition<\/h1>\t\t\t\t<\/div>\n\t\t\t\t<\/div>\n\t\t\t\t<div class=\"elementor-element elementor-element-8be74dc elementor-widget-divider--view-line elementor-widget elementor-widget-divider\" data-id=\"8be74dc\" data-element_type=\"widget\" data-widget_type=\"divider.default\">\n\t\t\t\t<div class=\"elementor-widget-container\">\n\t\t\t\t\t\t\t<div class=\"elementor-divider\">\n\t\t\t<span class=\"elementor-divider-separator\">\n\t\t\t\t\t\t<\/span>\n\t\t<\/div>\n\t\t\t\t\t\t<\/div>\n\t\t\t\t<\/div>\n\t\t\t\t<div class=\"elementor-element elementor-element-38c98f8 elementor-grid-1 elementor-grid-tablet-2 elementor-grid-mobile-1 elementor-widget elementor-widget-loop-grid\" data-id=\"38c98f8\" data-element_type=\"widget\" data-settings=\"{&quot;template_id&quot;:&quot;20395&quot;,&quot;columns&quot;:1,&quot;_skin&quot;:&quot;post&quot;,&quot;columns_tablet&quot;:&quot;2&quot;,&quot;columns_mobile&quot;:&quot;1&quot;,&quot;edit_handle_selector&quot;:&quot;[data-elementor-type=\\&quot;loop-item\\&quot;]&quot;,&quot;row_gap&quot;:{&quot;unit&quot;:&quot;px&quot;,&quot;size&quot;:&quot;&quot;,&quot;sizes&quot;:[]},&quot;row_gap_tablet_extra&quot;:{&quot;unit&quot;:&quot;px&quot;,&quot;size&quot;:&quot;&quot;,&quot;sizes&quot;:[]},&quot;row_gap_tablet&quot;:{&quot;unit&quot;:&quot;px&quot;,&quot;size&quot;:&quot;&quot;,&quot;sizes&quot;:[]},&quot;row_gap_mobile_extra&quot;:{&quot;unit&quot;:&quot;px&quot;,&quot;size&quot;:&quot;&quot;,&quot;sizes&quot;:[]},&quot;row_gap_mobile&quot;:{&quot;unit&quot;:&quot;px&quot;,&quot;size&quot;:&quot;&quot;,&quot;sizes&quot;:[]}}\" data-widget_type=\"loop-grid.post\">\n\t\t\t\t<div class=\"elementor-widget-container\">\n\t\t\t\t\t\t\t<div class=\"elementor-loop-container elementor-grid\" role=\"list\">\n\t\t<style id=\"loop-20395\">.elementor-20395 .elementor-element.elementor-element-0edc8fb{--display:flex;--flex-direction:row;--container-widget-width:initial;--container-widget-height:100%;--container-widget-flex-grow:1;--container-widget-align-self:stretch;--flex-wrap-mobile:wrap;--gap:0px 0px;--row-gap:0px;--column-gap:0px;}.elementor-20395 .elementor-element.elementor-element-7defc17{--display:flex;--flex-direction:column;--container-widget-width:100%;--container-widget-height:initial;--container-widget-flex-grow:0;--container-widget-align-self:initial;--flex-wrap-mobile:wrap;}.elementor-20395 .elementor-element.elementor-element-0bedafc img{border-radius:5px 5px 5px 5px;}.elementor-20395 .elementor-element.elementor-element-b598078{--display:flex;--flex-direction:column;--container-widget-width:100%;--container-widget-height:initial;--container-widget-flex-grow:0;--container-widget-align-self:initial;--flex-wrap-mobile:wrap;--gap:10px 10px;--row-gap:10px;--column-gap:10px;}.elementor-20395 .elementor-element.elementor-element-b897e3d .elementor-heading-title{font-size:2.5em;font-weight:300;}.elementor-20395 .elementor-element.elementor-element-84359c5 .elementor-heading-title{font-size:1.3em;font-weight:400;}.elementor-20395 .elementor-element.elementor-element-8129ba5 .elementor-heading-title{font-size:1.3em;font-weight:400;}.elementor-20395 .elementor-element.elementor-element-f65b6e9 .elementor-heading-title{font-size:1.3em;font-weight:400;}@media(min-width:768px){.elementor-20395 .elementor-element.elementor-element-0edc8fb{--content-width:100%;}.elementor-20395 .elementor-element.elementor-element-7defc17{--width:33.3333%;}.elementor-20395 .elementor-element.elementor-element-b598078{--width:66.6666%;}}<\/style>\t\t<div data-elementor-type=\"loop-item\" data-elementor-id=\"20395\" class=\"elementor elementor-20395 e-loop-item e-loop-item-20112 post-20112 portfolio type-portfolio status-publish has-post-thumbnail hentry project-cat-128\" data-elementor-post-type=\"elementor_library\" data-custom-edit-handle=\"1\">\n\t\t\t<div class=\"elementor-element elementor-element-0edc8fb e-flex e-con-boxed e-con e-parent\" data-id=\"0edc8fb\" data-element_type=\"container\">\n\t\t\t\t\t<div class=\"e-con-inner\">\n\t\t<div class=\"elementor-element elementor-element-7defc17 e-con-full e-flex e-con e-child\" data-id=\"7defc17\" data-element_type=\"container\">\n\t\t\t\t<div class=\"elementor-element elementor-element-0bedafc elementor-widget elementor-widget-image\" data-id=\"0bedafc\" data-element_type=\"widget\" data-widget_type=\"image.default\">\n\t\t\t\t<div class=\"elementor-widget-container\">\n\t\t\t\t\t\t\t\t\t\t\t\t\t\t\t\t<a href=\"https:\/\/fvarelaart.com\/en\/expo\/la-magia-del-miedo\/\">\n\t\t\t\t\t\t\t<img loading=\"lazy\" decoding=\"async\" width=\"1200\" height=\"800\" src=\"https:\/\/fvarelaart.com\/wp-content\/uploads\/2023\/10\/mundos-2-1200x800.jpg\" class=\"attachment-large size-large wp-image-20119\" alt=\"\" srcset=\"https:\/\/fvarelaart.com\/wp-content\/uploads\/2023\/10\/mundos-2-1200x800.jpg 1200w, https:\/\/fvarelaart.com\/wp-content\/uploads\/2023\/10\/mundos-2-400x267.jpg 400w, https:\/\/fvarelaart.com\/wp-content\/uploads\/2023\/10\/mundos-2-768x512.jpg 768w, https:\/\/fvarelaart.com\/wp-content\/uploads\/2023\/10\/mundos-2-1536x1024.jpg 1536w, https:\/\/fvarelaart.com\/wp-content\/uploads\/2023\/10\/mundos-2.jpg 1869w\" sizes=\"auto, (max-width: 1200px) 100vw, 1200px\" \/>\t\t\t\t\t\t\t\t<\/a>\n\t\t\t\t\t\t\t\t\t\t\t\t\t\t\t<\/div>\n\t\t\t\t<\/div>\n\t\t\t\t<\/div>\n\t\t<div class=\"elementor-element elementor-element-b598078 e-con-full e-flex e-con e-child\" data-id=\"b598078\" data-element_type=\"container\">\n\t\t\t\t<div class=\"elementor-element elementor-element-b897e3d elementor-widget elementor-widget-heading\" data-id=\"b897e3d\" data-element_type=\"widget\" data-widget_type=\"heading.default\">\n\t\t\t\t<div class=\"elementor-widget-container\">\n\t\t\t\t\t<h2 class=\"elementor-heading-title elementor-size-default\"><a href=\"https:\/\/fvarelaart.com\/en\/expo\/la-magia-del-miedo\/\">La Magia del Miedo<\/a><\/h2>\t\t\t\t<\/div>\n\t\t\t\t<\/div>\n\t\t\t\t<div class=\"elementor-element elementor-element-84359c5 elementor-widget elementor-widget-heading\" data-id=\"84359c5\" data-element_type=\"widget\" data-widget_type=\"heading.default\">\n\t\t\t\t<div class=\"elementor-widget-container\">\n\t\t\t\t\t<h2 class=\"elementor-heading-title elementor-size-default\"><a href=\"https:\/\/fvarelaart.com\/en\/expo\/la-magia-del-miedo\/\">Cultural Center of Spain<\/a><\/h2>\t\t\t\t<\/div>\n\t\t\t\t<\/div>\n\t\t\t\t<div class=\"elementor-element elementor-element-8129ba5 elementor-widget elementor-widget-heading\" data-id=\"8129ba5\" data-element_type=\"widget\" data-widget_type=\"heading.default\">\n\t\t\t\t<div class=\"elementor-widget-container\">\n\t\t\t\t\t<h2 class=\"elementor-heading-title elementor-size-default\"><a href=\"https:\/\/fvarelaart.com\/en\/expo\/la-magia-del-miedo\/\">Santo Domingo Dominican Republic<\/a><\/h2>\t\t\t\t<\/div>\n\t\t\t\t<\/div>\n\t\t\t\t<div class=\"elementor-element elementor-element-f65b6e9 elementor-widget elementor-widget-heading\" data-id=\"f65b6e9\" data-element_type=\"widget\" data-widget_type=\"heading.default\">\n\t\t\t\t<div class=\"elementor-widget-container\">\n\t\t\t\t\t<h2 class=\"elementor-heading-title elementor-size-default\"><a href=\"https:\/\/fvarelaart.com\/en\/expo\/la-magia-del-miedo\/\">1999<\/a><\/h2>\t\t\t\t<\/div>\n\t\t\t\t<\/div>\n\t\t\t\t<\/div>\n\t\t\t\t\t<\/div>\n\t\t\t\t<\/div>\n\t\t\t\t<\/div>\n\t\t\t\t<\/div>\n\t\t\n\t\t\t\t\t\t<\/div>\n\t\t\t\t<\/div>\n\t\t\t\t<\/div>\n\t\t\t\t\t<\/div>\n\t\t\t\t<\/div>\n\t\t\t\t<\/div>","protected":false},"excerpt":{"rendered":"<p>Can contemporary art explain the world in the same way as philosophy or religion? Fernando Varela adds<\/p>","protected":false},"author":1,"featured_media":20122,"comment_status":"closed","ping_status":"closed","sticky":false,"template":"","format":"standard","meta":{"_acf_changed":false,"footnotes":"","_links_to":"","_links_to_target":""},"categories":[130],"tags":[131],"class_list":["post-22036","post","type-post","status-publish","format-standard","has-post-thumbnail","hentry","category-articulos","tag-miedo"],"acf":[],"yoast_head":"<!-- This site is optimized with the Yoast SEO plugin v26.5 - https:\/\/yoast.com\/wordpress\/plugins\/seo\/ -->\n<title>La Magia del Miedo - Fernando Varela<\/title>\n<meta name=\"robots\" content=\"index, follow, max-snippet:-1, max-image-preview:large, max-video-preview:-1\" \/>\n<link rel=\"canonical\" href=\"https:\/\/fvarelaart.com\/en\/articulos\/la-magia-del-miedo-3\/\" \/>\n<meta property=\"og:locale\" content=\"en_US\" \/>\n<meta property=\"og:type\" content=\"article\" \/>\n<meta property=\"og:title\" content=\"La Magia del Miedo - Fernando Varela\" \/>\n<meta property=\"og:description\" content=\"Puede el arte contempor\u00e1neo explicar el mundo de la misma manera que la filosof\u00eda o la religi\u00f3n? Fernando Varela suma\" \/>\n<meta property=\"og:url\" content=\"https:\/\/fvarelaart.com\/en\/articulos\/la-magia-del-miedo-3\/\" \/>\n<meta property=\"og:site_name\" content=\"Fernando Varela\" \/>\n<meta property=\"article:published_time\" content=\"1999-01-30T20:59:18+00:00\" \/>\n<meta property=\"article:modified_time\" content=\"2024-03-15T18:35:36+00:00\" \/>\n<meta property=\"og:image\" content=\"https:\/\/fvarelaart.com\/wp-content\/uploads\/2023\/10\/mundos-6.jpg\" \/>\n\t<meta property=\"og:image:width\" content=\"1426\" \/>\n\t<meta property=\"og:image:height\" content=\"1246\" \/>\n\t<meta property=\"og:image:type\" content=\"image\/jpeg\" \/>\n<meta name=\"author\" content=\"admin\" \/>\n<meta name=\"twitter:card\" content=\"summary_large_image\" \/>\n<meta name=\"twitter:label1\" content=\"Written by\" \/>\n\t<meta name=\"twitter:data1\" content=\"admin\" \/>\n\t<meta name=\"twitter:label2\" content=\"Est. reading time\" \/>\n\t<meta name=\"twitter:data2\" content=\"4 minutes\" \/>\n<script type=\"application\/ld+json\" class=\"yoast-schema-graph\">{\"@context\":\"https:\/\/schema.org\",\"@graph\":[{\"@type\":\"Article\",\"@id\":\"https:\/\/fvarelaart.com\/articulos\/la-magia-del-miedo-3\/#article\",\"isPartOf\":{\"@id\":\"https:\/\/fvarelaart.com\/articulos\/la-magia-del-miedo-3\/\"},\"author\":{\"name\":\"admin\",\"@id\":\"https:\/\/fvarelaart.com\/#\/schema\/person\/ab83a4f08ed7c4910565aa439171f4df\"},\"headline\":\"La Magia del Miedo\",\"datePublished\":\"1999-01-30T20:59:18+00:00\",\"dateModified\":\"2024-03-15T18:35:36+00:00\",\"mainEntityOfPage\":{\"@id\":\"https:\/\/fvarelaart.com\/articulos\/la-magia-del-miedo-3\/\"},\"wordCount\":827,\"publisher\":{\"@id\":\"https:\/\/fvarelaart.com\/#organization\"},\"image\":{\"@id\":\"https:\/\/fvarelaart.com\/articulos\/la-magia-del-miedo-3\/#primaryimage\"},\"thumbnailUrl\":\"https:\/\/fvarelaart.com\/wp-content\/uploads\/2023\/10\/mundos-6.jpg\",\"keywords\":[\"Miedo\"],\"articleSection\":[\"Art\u00edculos\"],\"inLanguage\":\"en-US\"},{\"@type\":\"WebPage\",\"@id\":\"https:\/\/fvarelaart.com\/articulos\/la-magia-del-miedo-3\/\",\"url\":\"https:\/\/fvarelaart.com\/articulos\/la-magia-del-miedo-3\/\",\"name\":\"La Magia del Miedo - Fernando Varela\",\"isPartOf\":{\"@id\":\"https:\/\/fvarelaart.com\/#website\"},\"primaryImageOfPage\":{\"@id\":\"https:\/\/fvarelaart.com\/articulos\/la-magia-del-miedo-3\/#primaryimage\"},\"image\":{\"@id\":\"https:\/\/fvarelaart.com\/articulos\/la-magia-del-miedo-3\/#primaryimage\"},\"thumbnailUrl\":\"https:\/\/fvarelaart.com\/wp-content\/uploads\/2023\/10\/mundos-6.jpg\",\"datePublished\":\"1999-01-30T20:59:18+00:00\",\"dateModified\":\"2024-03-15T18:35:36+00:00\",\"breadcrumb\":{\"@id\":\"https:\/\/fvarelaart.com\/articulos\/la-magia-del-miedo-3\/#breadcrumb\"},\"inLanguage\":\"en-US\",\"potentialAction\":[{\"@type\":\"ReadAction\",\"target\":[\"https:\/\/fvarelaart.com\/articulos\/la-magia-del-miedo-3\/\"]}]},{\"@type\":\"ImageObject\",\"inLanguage\":\"en-US\",\"@id\":\"https:\/\/fvarelaart.com\/articulos\/la-magia-del-miedo-3\/#primaryimage\",\"url\":\"https:\/\/fvarelaart.com\/wp-content\/uploads\/2023\/10\/mundos-6.jpg\",\"contentUrl\":\"https:\/\/fvarelaart.com\/wp-content\/uploads\/2023\/10\/mundos-6.jpg\",\"width\":1426,\"height\":1246},{\"@type\":\"BreadcrumbList\",\"@id\":\"https:\/\/fvarelaart.com\/articulos\/la-magia-del-miedo-3\/#breadcrumb\",\"itemListElement\":[{\"@type\":\"ListItem\",\"position\":1,\"name\":\"Home\",\"item\":\"https:\/\/fvarelaart.com\/\"},{\"@type\":\"ListItem\",\"position\":2,\"name\":\"La Magia del Miedo\"}]},{\"@type\":\"WebSite\",\"@id\":\"https:\/\/fvarelaart.com\/#website\",\"url\":\"https:\/\/fvarelaart.com\/\",\"name\":\"Fernando Varela\",\"description\":\"\",\"publisher\":{\"@id\":\"https:\/\/fvarelaart.com\/#organization\"},\"potentialAction\":[{\"@type\":\"SearchAction\",\"target\":{\"@type\":\"EntryPoint\",\"urlTemplate\":\"https:\/\/fvarelaart.com\/?s={search_term_string}\"},\"query-input\":{\"@type\":\"PropertyValueSpecification\",\"valueRequired\":true,\"valueName\":\"search_term_string\"}}],\"inLanguage\":\"en-US\"},{\"@type\":\"Organization\",\"@id\":\"https:\/\/fvarelaart.com\/#organization\",\"name\":\"Fernando Varela\",\"url\":\"https:\/\/fvarelaart.com\/\",\"logo\":{\"@type\":\"ImageObject\",\"inLanguage\":\"en-US\",\"@id\":\"https:\/\/fvarelaart.com\/#\/schema\/logo\/image\/\",\"url\":\"https:\/\/fvarelaart.com\/wp-content\/uploads\/2023\/11\/varela-logo.jpg\",\"contentUrl\":\"https:\/\/fvarelaart.com\/wp-content\/uploads\/2023\/11\/varela-logo.jpg\",\"width\":800,\"height\":356,\"caption\":\"Fernando Varela\"},\"image\":{\"@id\":\"https:\/\/fvarelaart.com\/#\/schema\/logo\/image\/\"},\"sameAs\":[\"https:\/\/www.instagram.com\/fernandovarelaart\/\"]},{\"@type\":\"Person\",\"@id\":\"https:\/\/fvarelaart.com\/#\/schema\/person\/ab83a4f08ed7c4910565aa439171f4df\",\"name\":\"admin\",\"image\":{\"@type\":\"ImageObject\",\"inLanguage\":\"en-US\",\"@id\":\"https:\/\/fvarelaart.com\/#\/schema\/person\/image\/\",\"url\":\"https:\/\/secure.gravatar.com\/avatar\/bdab60380a416e210cdbd645c620a4b3cac0bc7de841fee42b42b0e33cb71c30?s=96&d=mm&r=g\",\"contentUrl\":\"https:\/\/secure.gravatar.com\/avatar\/bdab60380a416e210cdbd645c620a4b3cac0bc7de841fee42b42b0e33cb71c30?s=96&d=mm&r=g\",\"caption\":\"admin\"},\"sameAs\":[\"https:\/\/fvarelaart.com\"],\"url\":\"https:\/\/fvarelaart.com\/en\/author\/vsimpson\/\"}]}<\/script>\n<!-- \/ Yoast SEO plugin. -->","yoast_head_json":{"title":"The Magic of Fear - Fernando Varela","robots":{"index":"index","follow":"follow","max-snippet":"max-snippet:-1","max-image-preview":"max-image-preview:large","max-video-preview":"max-video-preview:-1"},"canonical":"https:\/\/fvarelaart.com\/en\/articulos\/la-magia-del-miedo-3\/","og_locale":"en_US","og_type":"article","og_title":"La Magia del Miedo - Fernando Varela","og_description":"Puede el arte contempor\u00e1neo explicar el mundo de la misma manera que la filosof\u00eda o la religi\u00f3n? Fernando Varela suma","og_url":"https:\/\/fvarelaart.com\/en\/articulos\/la-magia-del-miedo-3\/","og_site_name":"Fernando Varela","article_published_time":"1999-01-30T20:59:18+00:00","article_modified_time":"2024-03-15T18:35:36+00:00","og_image":[{"width":1426,"height":1246,"url":"https:\/\/fvarelaart.com\/wp-content\/uploads\/2023\/10\/mundos-6.jpg","type":"image\/jpeg"}],"author":"admin","twitter_card":"summary_large_image","twitter_misc":{"Written by":"admin","Est. reading time":"4 minutes"},"schema":{"@context":"https:\/\/schema.org","@graph":[{"@type":"Article","@id":"https:\/\/fvarelaart.com\/articulos\/la-magia-del-miedo-3\/#article","isPartOf":{"@id":"https:\/\/fvarelaart.com\/articulos\/la-magia-del-miedo-3\/"},"author":{"name":"admin","@id":"https:\/\/fvarelaart.com\/#\/schema\/person\/ab83a4f08ed7c4910565aa439171f4df"},"headline":"La Magia del Miedo","datePublished":"1999-01-30T20:59:18+00:00","dateModified":"2024-03-15T18:35:36+00:00","mainEntityOfPage":{"@id":"https:\/\/fvarelaart.com\/articulos\/la-magia-del-miedo-3\/"},"wordCount":827,"publisher":{"@id":"https:\/\/fvarelaart.com\/#organization"},"image":{"@id":"https:\/\/fvarelaart.com\/articulos\/la-magia-del-miedo-3\/#primaryimage"},"thumbnailUrl":"https:\/\/fvarelaart.com\/wp-content\/uploads\/2023\/10\/mundos-6.jpg","keywords":["Miedo"],"articleSection":["Art\u00edculos"],"inLanguage":"en-US"},{"@type":"WebPage","@id":"https:\/\/fvarelaart.com\/articulos\/la-magia-del-miedo-3\/","url":"https:\/\/fvarelaart.com\/articulos\/la-magia-del-miedo-3\/","name":"The Magic of Fear - Fernando Varela","isPartOf":{"@id":"https:\/\/fvarelaart.com\/#website"},"primaryImageOfPage":{"@id":"https:\/\/fvarelaart.com\/articulos\/la-magia-del-miedo-3\/#primaryimage"},"image":{"@id":"https:\/\/fvarelaart.com\/articulos\/la-magia-del-miedo-3\/#primaryimage"},"thumbnailUrl":"https:\/\/fvarelaart.com\/wp-content\/uploads\/2023\/10\/mundos-6.jpg","datePublished":"1999-01-30T20:59:18+00:00","dateModified":"2024-03-15T18:35:36+00:00","breadcrumb":{"@id":"https:\/\/fvarelaart.com\/articulos\/la-magia-del-miedo-3\/#breadcrumb"},"inLanguage":"en-US","potentialAction":[{"@type":"ReadAction","target":["https:\/\/fvarelaart.com\/articulos\/la-magia-del-miedo-3\/"]}]},{"@type":"ImageObject","inLanguage":"en-US","@id":"https:\/\/fvarelaart.com\/articulos\/la-magia-del-miedo-3\/#primaryimage","url":"https:\/\/fvarelaart.com\/wp-content\/uploads\/2023\/10\/mundos-6.jpg","contentUrl":"https:\/\/fvarelaart.com\/wp-content\/uploads\/2023\/10\/mundos-6.jpg","width":1426,"height":1246},{"@type":"BreadcrumbList","@id":"https:\/\/fvarelaart.com\/articulos\/la-magia-del-miedo-3\/#breadcrumb","itemListElement":[{"@type":"ListItem","position":1,"name":"Home","item":"https:\/\/fvarelaart.com\/"},{"@type":"ListItem","position":2,"name":"La Magia del Miedo"}]},{"@type":"WebSite","@id":"https:\/\/fvarelaart.com\/#website","url":"https:\/\/fvarelaart.com\/","name":"Fernando Varela","description":"","publisher":{"@id":"https:\/\/fvarelaart.com\/#organization"},"potentialAction":[{"@type":"SearchAction","target":{"@type":"EntryPoint","urlTemplate":"https:\/\/fvarelaart.com\/?s={search_term_string}"},"query-input":{"@type":"PropertyValueSpecification","valueRequired":true,"valueName":"search_term_string"}}],"inLanguage":"en-US"},{"@type":"Organization","@id":"https:\/\/fvarelaart.com\/#organization","name":"Fernando Varela","url":"https:\/\/fvarelaart.com\/","logo":{"@type":"ImageObject","inLanguage":"en-US","@id":"https:\/\/fvarelaart.com\/#\/schema\/logo\/image\/","url":"https:\/\/fvarelaart.com\/wp-content\/uploads\/2023\/11\/varela-logo.jpg","contentUrl":"https:\/\/fvarelaart.com\/wp-content\/uploads\/2023\/11\/varela-logo.jpg","width":800,"height":356,"caption":"Fernando Varela"},"image":{"@id":"https:\/\/fvarelaart.com\/#\/schema\/logo\/image\/"},"sameAs":["https:\/\/www.instagram.com\/fernandovarelaart\/"]},{"@type":"Person","@id":"https:\/\/fvarelaart.com\/#\/schema\/person\/ab83a4f08ed7c4910565aa439171f4df","name":"admin","image":{"@type":"ImageObject","inLanguage":"en-US","@id":"https:\/\/fvarelaart.com\/#\/schema\/person\/image\/","url":"https:\/\/secure.gravatar.com\/avatar\/bdab60380a416e210cdbd645c620a4b3cac0bc7de841fee42b42b0e33cb71c30?s=96&d=mm&r=g","contentUrl":"https:\/\/secure.gravatar.com\/avatar\/bdab60380a416e210cdbd645c620a4b3cac0bc7de841fee42b42b0e33cb71c30?s=96&d=mm&r=g","caption":"admin"},"sameAs":["https:\/\/fvarelaart.com"],"url":"https:\/\/fvarelaart.com\/en\/author\/vsimpson\/"}]}},"_links":{"self":[{"href":"https:\/\/fvarelaart.com\/en\/wp-json\/wp\/v2\/posts\/22036","targetHints":{"allow":["GET"]}}],"collection":[{"href":"https:\/\/fvarelaart.com\/en\/wp-json\/wp\/v2\/posts"}],"about":[{"href":"https:\/\/fvarelaart.com\/en\/wp-json\/wp\/v2\/types\/post"}],"author":[{"embeddable":true,"href":"https:\/\/fvarelaart.com\/en\/wp-json\/wp\/v2\/users\/1"}],"replies":[{"embeddable":true,"href":"https:\/\/fvarelaart.com\/en\/wp-json\/wp\/v2\/comments?post=22036"}],"version-history":[{"count":5,"href":"https:\/\/fvarelaart.com\/en\/wp-json\/wp\/v2\/posts\/22036\/revisions"}],"predecessor-version":[{"id":22041,"href":"https:\/\/fvarelaart.com\/en\/wp-json\/wp\/v2\/posts\/22036\/revisions\/22041"}],"wp:featuredmedia":[{"embeddable":true,"href":"https:\/\/fvarelaart.com\/en\/wp-json\/wp\/v2\/media\/20122"}],"wp:attachment":[{"href":"https:\/\/fvarelaart.com\/en\/wp-json\/wp\/v2\/media?parent=22036"}],"wp:term":[{"taxonomy":"category","embeddable":true,"href":"https:\/\/fvarelaart.com\/en\/wp-json\/wp\/v2\/categories?post=22036"},{"taxonomy":"post_tag","embeddable":true,"href":"https:\/\/fvarelaart.com\/en\/wp-json\/wp\/v2\/tags?post=22036"}],"curies":[{"name":"wp","href":"https:\/\/api.w.org\/{rel}","templated":true}]}}