{"id":21957,"date":"2014-01-31T20:01:37","date_gmt":"2014-01-31T20:01:37","guid":{"rendered":"https:\/\/fvarelaart.com\/?p=21957"},"modified":"2024-03-14T20:13:10","modified_gmt":"2024-03-14T20:13:10","slug":"esculpir-el-silencio-la-obra-de-fernando-varela2-4","status":"publish","type":"post","link":"https:\/\/fvarelaart.com\/en\/articulos\/esculpir-el-silencio-la-obra-de-fernando-varela2-4\/","title":{"rendered":"Fernando Varela or the fullness of emptiness"},"content":{"rendered":"<div data-elementor-type=\"wp-post\" data-elementor-id=\"21957\" class=\"elementor elementor-21957\" data-elementor-post-type=\"post\">\n\t\t\t\t<div class=\"wd-negative-gap elementor-element elementor-element-3b7f2369 e-flex e-con-boxed e-con e-parent\" data-id=\"3b7f2369\" data-element_type=\"container\">\n\t\t\t\t\t<div class=\"e-con-inner\">\n\t\t\t\t<div class=\"elementor-element elementor-element-58812a97 color-scheme-inherit text-left elementor-widget elementor-widget-text-editor\" data-id=\"58812a97\" data-element_type=\"widget\" data-widget_type=\"text-editor.default\">\n\t\t\t\t<div class=\"elementor-widget-container\">\n\t\t\t\t\t\t\t\t\t<blockquote><p><em>He is an artist, scholar, and thinker, passionate about philosophy and music, whose values are reflected in his visual art\u2014iconography and transcendent expression, sublime, mythical, and mystical inspiration. Beyond the work itself, and especially when he comments on it, his words convey an inescapable questioning and introspection.<\/em><\/p><\/blockquote>\t\t\t\t\t\t\t\t<\/div>\n\t\t\t\t<\/div>\n\t\t\t\t<div class=\"elementor-element elementor-element-cc06987 color-scheme-inherit text-left elementor-widget elementor-widget-text-editor\" data-id=\"cc06987\" data-element_type=\"widget\" data-widget_type=\"text-editor.default\">\n\t\t\t\t<div class=\"elementor-widget-container\">\n\t\t\t\t\t\t\t\t\t<p><strong>A COMPLETE ITINERARY<\/strong><\/p><p>Fernando Varela has always interrogated history, even the prehistoric, from palimpsests and sacred scriptures to the vicissitudes of the Caribbean, its islands, and its peoples. Death, life, and survival vibrate constantly in his work: a fundamental stage &quot;touched ground,&quot; utopianly, for a safeguarded nature and a more just human condition, emphasizing women and men in perfect equality at all times. Thus, Fernando Varela&#039;s investigations have continued, encompassing perenniality: past, present, and induced future. He was even passionate about language, artistically exposing humanity&#039;s growing confusion in an unstructured or &quot;Babelian&quot; lettrism. Carol Dami\u00e1n points out: &quot;Always seeking to understand how human beings share knowledge and express emotions, Varela explores signs, letters, and words and all their ramifications throughout time.&quot; The ontological trajectory signifies an unalterable commitment\u2014in his work, the sign has replaced the object\u2014spirituality, as a priority component, \u201cconstructs\u201d a perpetual movement, capable of reinventing its own world and even the universe. His quests led him to develop \u201cOrigins and Primary Forms,\u201d a sequence that Sara Hermann considered \u201ctwo independent series that relate to each other (since) one can be considered the consequence of the other, continuity, but at the same time their absolute complementarity and parallelism can be considered.\u201d Deciphering an unknown geognosy, Fernando Varela then conceived cellular phenomena and juxtapositions; the revisited morphologies underwent a fundamental metamorphosis! The abstract, difficult and fascinating ensemble, successfully presented in museums in Ecuador, as always combined ideology, craft, impeccable workmanship, and simultaneously dared to break the dominant aesthetic, replacing it with brutal and minimalist corporealities.<\/p><p>Fernando Varela recently exhibited these same origins and primary forms at the Museum of Modern Art, culminating in a spectacular installation, and part of the series that now unfolds in the spaces of ASR Contempor\u00e1neo.<\/p><p><strong>FORM AND VOID<\/strong><\/p><p>When we learned that Fernando Varela, immersed in his own past, found the evolutionary solution to his quest in a clipping and collage that his youngest daughter, then six years old, had given him\u2014she herself inspired by her father&#039;s designs\u2014the following came to mind: &quot;La v\u00e9rit\u00e9 sort de la bouche des enfants.&quot; In French, this saying is the same as in Spanish: &quot;The truth comes from the mouths of children.&quot; And it has never been truer than in the graphic-pictorial discovery called &quot;Forma y Vac\u00edo.&quot; M\u00f3nica, nor we, could have imagined that a childlike gesture, combining craftsmanship and affection, would culminate, five years later, in an impressive series. At once conceptual, spiritual, and tangible... like everything Fernando creates. A perfect metaphor for the fact that truth can come from the mouths of children.<\/p><p>The artist took the gift not only as a gesture of filial affection, sensitivity toward his work, and undeniably precocious skill, but it also struck him as a &quot;revelation&quot; that fit into his creative process, that is, the symbiosis of his spiritual effervescence and a resulting aesthetic in tangible dimensions. It was something comparable to the phenomenon of Grace, when an unknown manifestation has supernatural effects and leads us to the discovery of a new creed and an active faith.<\/p><p>Clara Caminero proposes a very good definition: \u201cMarked by the dualism of oval and angular forms combined in a number of series, Varela\u2019s work on canvas or paper continually explores formal relationships as bases of intellectual thought.\u201d<\/p>\t\t\t\t\t\t\t\t<\/div>\n\t\t\t\t<\/div>\n\t\t\t\t\t<\/div>\n\t\t\t\t<\/div>\n\t\t<div class=\"wd-negative-gap elementor-element elementor-element-d0514d0 e-flex e-con-boxed e-con e-parent\" data-id=\"d0514d0\" data-element_type=\"container\">\n\t\t\t\t\t<div class=\"e-con-inner\">\n\t\t<div class=\"elementor-element elementor-element-6476792 e-con-full e-flex e-con e-child\" data-id=\"6476792\" data-element_type=\"container\">\n\t\t\t\t<div class=\"elementor-element elementor-element-f8ea7be elementor-widget elementor-widget-heading\" data-id=\"f8ea7be\" data-element_type=\"widget\" data-widget_type=\"heading.default\">\n\t\t\t\t<div class=\"elementor-widget-container\">\n\t\t\t\t\t<span class=\"elementor-heading-title elementor-size-default\">Marianne de Tolentino<\/span>\t\t\t\t<\/div>\n\t\t\t\t<\/div>\n\t\t\t\t<div class=\"elementor-element elementor-element-24af872 elementor-widget elementor-widget-heading\" data-id=\"24af872\" data-element_type=\"widget\" data-widget_type=\"heading.default\">\n\t\t\t\t<div class=\"elementor-widget-container\">\n\t\t\t\t\t<span class=\"elementor-heading-title elementor-size-default\">Director of the National Gallery of Fine Arts and member of the International Association of Art Critics of which she was Vice-President.<\/span>\t\t\t\t<\/div>\n\t\t\t\t<\/div>\n\t\t\t\t<div class=\"elementor-element elementor-element-7b7989c elementor-widget elementor-widget-heading\" data-id=\"7b7989c\" data-element_type=\"widget\" data-widget_type=\"heading.default\">\n\t\t\t\t<div class=\"elementor-widget-container\">\n\t\t\t\t\t<span class=\"elementor-heading-title elementor-size-default\">2014<\/span>\t\t\t\t<\/div>\n\t\t\t\t<\/div>\n\t\t\t\t<\/div>\n\t\t\t\t\t<\/div>\n\t\t\t\t<\/div>\n\t\t<div class=\"wd-negative-gap elementor-element elementor-element-0b779ee e-flex e-con-boxed e-con e-parent\" data-id=\"0b779ee\" data-element_type=\"container\">\n\t\t\t\t\t<div class=\"e-con-inner\">\n\t\t<div class=\"elementor-element elementor-element-f12dc47 e-con-full e-flex e-con e-child\" data-id=\"f12dc47\" data-element_type=\"container\">\n\t\t\t\t<div class=\"elementor-element elementor-element-808116f elementor-widget elementor-widget-heading\" data-id=\"808116f\" data-element_type=\"widget\" data-widget_type=\"heading.default\">\n\t\t\t\t<div class=\"elementor-widget-container\">\n\t\t\t\t\t<h1 class=\"elementor-heading-title elementor-size-default\">Related Exhibition<\/h1>\t\t\t\t<\/div>\n\t\t\t\t<\/div>\n\t\t\t\t<div class=\"elementor-element elementor-element-366be88 elementor-widget-divider--view-line elementor-widget elementor-widget-divider\" data-id=\"366be88\" data-element_type=\"widget\" data-widget_type=\"divider.default\">\n\t\t\t\t<div class=\"elementor-widget-container\">\n\t\t\t\t\t\t\t<div class=\"elementor-divider\">\n\t\t\t<span class=\"elementor-divider-separator\">\n\t\t\t\t\t\t<\/span>\n\t\t<\/div>\n\t\t\t\t\t\t<\/div>\n\t\t\t\t<\/div>\n\t\t\t\t<div class=\"elementor-element elementor-element-27e06b2 elementor-grid-1 elementor-grid-tablet-2 elementor-grid-mobile-1 elementor-widget elementor-widget-loop-grid\" data-id=\"27e06b2\" data-element_type=\"widget\" data-settings=\"{&quot;template_id&quot;:&quot;20395&quot;,&quot;columns&quot;:1,&quot;_skin&quot;:&quot;post&quot;,&quot;columns_tablet&quot;:&quot;2&quot;,&quot;columns_mobile&quot;:&quot;1&quot;,&quot;edit_handle_selector&quot;:&quot;[data-elementor-type=\\&quot;loop-item\\&quot;]&quot;,&quot;row_gap&quot;:{&quot;unit&quot;:&quot;px&quot;,&quot;size&quot;:&quot;&quot;,&quot;sizes&quot;:[]},&quot;row_gap_tablet_extra&quot;:{&quot;unit&quot;:&quot;px&quot;,&quot;size&quot;:&quot;&quot;,&quot;sizes&quot;:[]},&quot;row_gap_tablet&quot;:{&quot;unit&quot;:&quot;px&quot;,&quot;size&quot;:&quot;&quot;,&quot;sizes&quot;:[]},&quot;row_gap_mobile_extra&quot;:{&quot;unit&quot;:&quot;px&quot;,&quot;size&quot;:&quot;&quot;,&quot;sizes&quot;:[]},&quot;row_gap_mobile&quot;:{&quot;unit&quot;:&quot;px&quot;,&quot;size&quot;:&quot;&quot;,&quot;sizes&quot;:[]}}\" data-widget_type=\"loop-grid.post\">\n\t\t\t\t<div class=\"elementor-widget-container\">\n\t\t\t\t\t\t\t<div class=\"elementor-loop-container elementor-grid\" role=\"list\">\n\t\t<style id=\"loop-20395\">.elementor-20395 .elementor-element.elementor-element-0edc8fb{--display:flex;--flex-direction:row;--container-widget-width:initial;--container-widget-height:100%;--container-widget-flex-grow:1;--container-widget-align-self:stretch;--flex-wrap-mobile:wrap;--gap:0px 0px;--row-gap:0px;--column-gap:0px;}.elementor-20395 .elementor-element.elementor-element-7defc17{--display:flex;--flex-direction:column;--container-widget-width:100%;--container-widget-height:initial;--container-widget-flex-grow:0;--container-widget-align-self:initial;--flex-wrap-mobile:wrap;}.elementor-20395 .elementor-element.elementor-element-0bedafc img{border-radius:5px 5px 5px 5px;}.elementor-20395 .elementor-element.elementor-element-b598078{--display:flex;--flex-direction:column;--container-widget-width:100%;--container-widget-height:initial;--container-widget-flex-grow:0;--container-widget-align-self:initial;--flex-wrap-mobile:wrap;--gap:10px 10px;--row-gap:10px;--column-gap:10px;}.elementor-20395 .elementor-element.elementor-element-b897e3d .elementor-heading-title{font-size:2.5em;font-weight:300;}.elementor-20395 .elementor-element.elementor-element-84359c5 .elementor-heading-title{font-size:1.3em;font-weight:400;}.elementor-20395 .elementor-element.elementor-element-8129ba5 .elementor-heading-title{font-size:1.3em;font-weight:400;}.elementor-20395 .elementor-element.elementor-element-f65b6e9 .elementor-heading-title{font-size:1.3em;font-weight:400;}@media(min-width:768px){.elementor-20395 .elementor-element.elementor-element-0edc8fb{--content-width:100%;}.elementor-20395 .elementor-element.elementor-element-7defc17{--width:33.3333%;}.elementor-20395 .elementor-element.elementor-element-b598078{--width:66.6666%;}}<\/style>\t\t<div data-elementor-type=\"loop-item\" data-elementor-id=\"20395\" class=\"elementor elementor-20395 e-loop-item e-loop-item-20732 post-20732 portfolio type-portfolio status-publish has-post-thumbnail hentry project-cat-142\" data-elementor-post-type=\"elementor_library\" data-custom-edit-handle=\"1\">\n\t\t\t<div class=\"elementor-element elementor-element-0edc8fb e-flex e-con-boxed e-con e-parent\" data-id=\"0edc8fb\" data-element_type=\"container\">\n\t\t\t\t\t<div class=\"e-con-inner\">\n\t\t<div class=\"elementor-element elementor-element-7defc17 e-con-full e-flex e-con e-child\" data-id=\"7defc17\" data-element_type=\"container\">\n\t\t\t\t<div class=\"elementor-element elementor-element-0bedafc elementor-widget elementor-widget-image\" data-id=\"0bedafc\" data-element_type=\"widget\" data-widget_type=\"image.default\">\n\t\t\t\t<div class=\"elementor-widget-container\">\n\t\t\t\t\t\t\t\t\t\t\t\t\t\t\t\t<a href=\"https:\/\/fvarelaart.com\/en\/expo\/forma-vacio\/\">\n\t\t\t\t\t\t\t<img loading=\"lazy\" decoding=\"async\" width=\"534\" height=\"480\" src=\"https:\/\/fvarelaart.com\/wp-content\/uploads\/2014\/01\/forma-vacio-e1712111079285.jpeg\" class=\"attachment-large size-large wp-image-21046\" alt=\"\" srcset=\"https:\/\/fvarelaart.com\/wp-content\/uploads\/2014\/01\/forma-vacio-e1712111079285.jpeg 534w, https:\/\/fvarelaart.com\/wp-content\/uploads\/2014\/01\/forma-vacio-e1712111079285-334x300.jpeg 334w, https:\/\/fvarelaart.com\/wp-content\/uploads\/2014\/01\/forma-vacio-e1712111079285-13x12.jpeg 13w\" sizes=\"auto, (max-width: 534px) 100vw, 534px\" \/>\t\t\t\t\t\t\t\t<\/a>\n\t\t\t\t\t\t\t\t\t\t\t\t\t\t\t<\/div>\n\t\t\t\t<\/div>\n\t\t\t\t<\/div>\n\t\t<div class=\"elementor-element elementor-element-b598078 e-con-full e-flex e-con e-child\" data-id=\"b598078\" data-element_type=\"container\">\n\t\t\t\t<div class=\"elementor-element elementor-element-b897e3d elementor-widget elementor-widget-heading\" data-id=\"b897e3d\" data-element_type=\"widget\" data-widget_type=\"heading.default\">\n\t\t\t\t<div class=\"elementor-widget-container\">\n\t\t\t\t\t<h2 class=\"elementor-heading-title elementor-size-default\"><a href=\"https:\/\/fvarelaart.com\/en\/expo\/forma-vacio\/\">Forma y Vac\u00edo<\/a><\/h2>\t\t\t\t<\/div>\n\t\t\t\t<\/div>\n\t\t\t\t<div class=\"elementor-element elementor-element-84359c5 elementor-widget elementor-widget-heading\" data-id=\"84359c5\" data-element_type=\"widget\" data-widget_type=\"heading.default\">\n\t\t\t\t<div class=\"elementor-widget-container\">\n\t\t\t\t\t<h2 class=\"elementor-heading-title elementor-size-default\"><a href=\"https:\/\/fvarelaart.com\/en\/expo\/forma-vacio\/\">ASR Contemporary<\/a><\/h2>\t\t\t\t<\/div>\n\t\t\t\t<\/div>\n\t\t\t\t<div class=\"elementor-element elementor-element-8129ba5 elementor-widget elementor-widget-heading\" data-id=\"8129ba5\" data-element_type=\"widget\" data-widget_type=\"heading.default\">\n\t\t\t\t<div class=\"elementor-widget-container\">\n\t\t\t\t\t<h2 class=\"elementor-heading-title elementor-size-default\"><a href=\"https:\/\/fvarelaart.com\/en\/expo\/forma-vacio\/\">Santo Domingo Dominican Republic<\/a><\/h2>\t\t\t\t<\/div>\n\t\t\t\t<\/div>\n\t\t\t\t<div class=\"elementor-element elementor-element-f65b6e9 elementor-widget elementor-widget-heading\" data-id=\"f65b6e9\" data-element_type=\"widget\" data-widget_type=\"heading.default\">\n\t\t\t\t<div class=\"elementor-widget-container\">\n\t\t\t\t\t<h2 class=\"elementor-heading-title elementor-size-default\"><a href=\"https:\/\/fvarelaart.com\/en\/expo\/forma-vacio\/\">2014<\/a><\/h2>\t\t\t\t<\/div>\n\t\t\t\t<\/div>\n\t\t\t\t<\/div>\n\t\t\t\t\t<\/div>\n\t\t\t\t<\/div>\n\t\t\t\t<\/div>\n\t\t\t\t<\/div>\n\t\t\n\t\t\t\t\t\t<\/div>\n\t\t\t\t<\/div>\n\t\t\t\t<\/div>\n\t\t\t\t\t<\/div>\n\t\t\t\t<\/div>\n\t\t\t\t<\/div>","protected":false},"excerpt":{"rendered":"<p>He is an artist, scholar and thinker, passionate about philosophy and music, whose values are reflected in his plastic creation - iconography<\/p>","protected":false},"author":1,"featured_media":21623,"comment_status":"closed","ping_status":"closed","sticky":false,"template":"","format":"standard","meta":{"_acf_changed":false,"footnotes":"","_links_to":"","_links_to_target":""},"categories":[130],"tags":[155],"class_list":["post-21957","post","type-post","status-publish","format-standard","has-post-thumbnail","hentry","category-articulos","tag-forma2014"],"acf":[],"yoast_head":"<!-- This site is optimized with the Yoast SEO plugin v26.5 - https:\/\/yoast.com\/wordpress\/plugins\/seo\/ -->\n<title>Fernando Varela o la plenitud del vac\u00edo - Fernando Varela<\/title>\n<meta name=\"robots\" content=\"index, follow, max-snippet:-1, max-image-preview:large, max-video-preview:-1\" \/>\n<link rel=\"canonical\" href=\"https:\/\/fvarelaart.com\/en\/articulos\/esculpir-el-silencio-la-obra-de-fernando-varela2-4\/\" \/>\n<meta property=\"og:locale\" content=\"en_US\" \/>\n<meta property=\"og:type\" content=\"article\" \/>\n<meta property=\"og:title\" content=\"Fernando Varela o la plenitud del vac\u00edo - Fernando Varela\" \/>\n<meta property=\"og:description\" content=\"Es artista, estudioso y pensador, apasionado de filosof\u00eda y de m\u00fasica, cuyos valores se reflejan en su creaci\u00f3n pl\u00e1stica -iconograf\u00eda\" \/>\n<meta property=\"og:url\" content=\"https:\/\/fvarelaart.com\/en\/articulos\/esculpir-el-silencio-la-obra-de-fernando-varela2-4\/\" \/>\n<meta property=\"og:site_name\" content=\"Fernando Varela\" \/>\n<meta property=\"article:published_time\" content=\"2014-01-31T20:01:37+00:00\" \/>\n<meta property=\"article:modified_time\" content=\"2024-03-14T20:13:10+00:00\" \/>\n<meta property=\"og:image\" content=\"https:\/\/fvarelaart.com\/wp-content\/uploads\/2024\/03\/fernando-varela-obras-2016-6.jpeg\" \/>\n\t<meta property=\"og:image:width\" content=\"1650\" \/>\n\t<meta property=\"og:image:height\" content=\"1100\" \/>\n\t<meta property=\"og:image:type\" content=\"image\/jpeg\" \/>\n<meta name=\"author\" content=\"admin\" \/>\n<meta name=\"twitter:card\" content=\"summary_large_image\" \/>\n<meta name=\"twitter:label1\" content=\"Written by\" \/>\n\t<meta name=\"twitter:data1\" content=\"admin\" \/>\n\t<meta name=\"twitter:label2\" content=\"Est. reading time\" \/>\n\t<meta name=\"twitter:data2\" content=\"4 minutes\" \/>\n<script type=\"application\/ld+json\" class=\"yoast-schema-graph\">{\"@context\":\"https:\/\/schema.org\",\"@graph\":[{\"@type\":\"Article\",\"@id\":\"https:\/\/fvarelaart.com\/articulos\/esculpir-el-silencio-la-obra-de-fernando-varela2-4\/#article\",\"isPartOf\":{\"@id\":\"https:\/\/fvarelaart.com\/articulos\/esculpir-el-silencio-la-obra-de-fernando-varela2-4\/\"},\"author\":{\"name\":\"admin\",\"@id\":\"https:\/\/fvarelaart.com\/#\/schema\/person\/ab83a4f08ed7c4910565aa439171f4df\"},\"headline\":\"Fernando Varela o la plenitud del vac\u00edo\",\"datePublished\":\"2014-01-31T20:01:37+00:00\",\"dateModified\":\"2024-03-14T20:13:10+00:00\",\"mainEntityOfPage\":{\"@id\":\"https:\/\/fvarelaart.com\/articulos\/esculpir-el-silencio-la-obra-de-fernando-varela2-4\/\"},\"wordCount\":706,\"publisher\":{\"@id\":\"https:\/\/fvarelaart.com\/#organization\"},\"image\":{\"@id\":\"https:\/\/fvarelaart.com\/articulos\/esculpir-el-silencio-la-obra-de-fernando-varela2-4\/#primaryimage\"},\"thumbnailUrl\":\"https:\/\/fvarelaart.com\/wp-content\/uploads\/2024\/03\/fernando-varela-obras-2016-6.jpeg\",\"keywords\":[\"forma2014\"],\"articleSection\":[\"Art\u00edculos\"],\"inLanguage\":\"en-US\"},{\"@type\":\"WebPage\",\"@id\":\"https:\/\/fvarelaart.com\/articulos\/esculpir-el-silencio-la-obra-de-fernando-varela2-4\/\",\"url\":\"https:\/\/fvarelaart.com\/articulos\/esculpir-el-silencio-la-obra-de-fernando-varela2-4\/\",\"name\":\"Fernando Varela o la plenitud del vac\u00edo - Fernando Varela\",\"isPartOf\":{\"@id\":\"https:\/\/fvarelaart.com\/#website\"},\"primaryImageOfPage\":{\"@id\":\"https:\/\/fvarelaart.com\/articulos\/esculpir-el-silencio-la-obra-de-fernando-varela2-4\/#primaryimage\"},\"image\":{\"@id\":\"https:\/\/fvarelaart.com\/articulos\/esculpir-el-silencio-la-obra-de-fernando-varela2-4\/#primaryimage\"},\"thumbnailUrl\":\"https:\/\/fvarelaart.com\/wp-content\/uploads\/2024\/03\/fernando-varela-obras-2016-6.jpeg\",\"datePublished\":\"2014-01-31T20:01:37+00:00\",\"dateModified\":\"2024-03-14T20:13:10+00:00\",\"breadcrumb\":{\"@id\":\"https:\/\/fvarelaart.com\/articulos\/esculpir-el-silencio-la-obra-de-fernando-varela2-4\/#breadcrumb\"},\"inLanguage\":\"en-US\",\"potentialAction\":[{\"@type\":\"ReadAction\",\"target\":[\"https:\/\/fvarelaart.com\/articulos\/esculpir-el-silencio-la-obra-de-fernando-varela2-4\/\"]}]},{\"@type\":\"ImageObject\",\"inLanguage\":\"en-US\",\"@id\":\"https:\/\/fvarelaart.com\/articulos\/esculpir-el-silencio-la-obra-de-fernando-varela2-4\/#primaryimage\",\"url\":\"https:\/\/fvarelaart.com\/wp-content\/uploads\/2024\/03\/fernando-varela-obras-2016-6.jpeg\",\"contentUrl\":\"https:\/\/fvarelaart.com\/wp-content\/uploads\/2024\/03\/fernando-varela-obras-2016-6.jpeg\",\"width\":1650,\"height\":1100},{\"@type\":\"BreadcrumbList\",\"@id\":\"https:\/\/fvarelaart.com\/articulos\/esculpir-el-silencio-la-obra-de-fernando-varela2-4\/#breadcrumb\",\"itemListElement\":[{\"@type\":\"ListItem\",\"position\":1,\"name\":\"Home\",\"item\":\"https:\/\/fvarelaart.com\/\"},{\"@type\":\"ListItem\",\"position\":2,\"name\":\"Fernando Varela o la plenitud del vac\u00edo\"}]},{\"@type\":\"WebSite\",\"@id\":\"https:\/\/fvarelaart.com\/#website\",\"url\":\"https:\/\/fvarelaart.com\/\",\"name\":\"Fernando Varela\",\"description\":\"\",\"publisher\":{\"@id\":\"https:\/\/fvarelaart.com\/#organization\"},\"potentialAction\":[{\"@type\":\"SearchAction\",\"target\":{\"@type\":\"EntryPoint\",\"urlTemplate\":\"https:\/\/fvarelaart.com\/?s={search_term_string}\"},\"query-input\":{\"@type\":\"PropertyValueSpecification\",\"valueRequired\":true,\"valueName\":\"search_term_string\"}}],\"inLanguage\":\"en-US\"},{\"@type\":\"Organization\",\"@id\":\"https:\/\/fvarelaart.com\/#organization\",\"name\":\"Fernando Varela\",\"url\":\"https:\/\/fvarelaart.com\/\",\"logo\":{\"@type\":\"ImageObject\",\"inLanguage\":\"en-US\",\"@id\":\"https:\/\/fvarelaart.com\/#\/schema\/logo\/image\/\",\"url\":\"https:\/\/fvarelaart.com\/wp-content\/uploads\/2023\/11\/varela-logo.jpg\",\"contentUrl\":\"https:\/\/fvarelaart.com\/wp-content\/uploads\/2023\/11\/varela-logo.jpg\",\"width\":800,\"height\":356,\"caption\":\"Fernando Varela\"},\"image\":{\"@id\":\"https:\/\/fvarelaart.com\/#\/schema\/logo\/image\/\"},\"sameAs\":[\"https:\/\/www.instagram.com\/fernandovarelaart\/\"]},{\"@type\":\"Person\",\"@id\":\"https:\/\/fvarelaart.com\/#\/schema\/person\/ab83a4f08ed7c4910565aa439171f4df\",\"name\":\"admin\",\"image\":{\"@type\":\"ImageObject\",\"inLanguage\":\"en-US\",\"@id\":\"https:\/\/fvarelaart.com\/#\/schema\/person\/image\/\",\"url\":\"https:\/\/secure.gravatar.com\/avatar\/bdab60380a416e210cdbd645c620a4b3cac0bc7de841fee42b42b0e33cb71c30?s=96&d=mm&r=g\",\"contentUrl\":\"https:\/\/secure.gravatar.com\/avatar\/bdab60380a416e210cdbd645c620a4b3cac0bc7de841fee42b42b0e33cb71c30?s=96&d=mm&r=g\",\"caption\":\"admin\"},\"sameAs\":[\"https:\/\/fvarelaart.com\"],\"url\":\"https:\/\/fvarelaart.com\/en\/author\/vsimpson\/\"}]}<\/script>\n<!-- \/ Yoast SEO plugin. -->","yoast_head_json":{"title":"Fernando Varela or the fullness of emptiness - Fernando Varela","robots":{"index":"index","follow":"follow","max-snippet":"max-snippet:-1","max-image-preview":"max-image-preview:large","max-video-preview":"max-video-preview:-1"},"canonical":"https:\/\/fvarelaart.com\/en\/articulos\/esculpir-el-silencio-la-obra-de-fernando-varela2-4\/","og_locale":"en_US","og_type":"article","og_title":"Fernando Varela o la plenitud del vac\u00edo - Fernando Varela","og_description":"Es artista, estudioso y pensador, apasionado de filosof\u00eda y de m\u00fasica, cuyos valores se reflejan en su creaci\u00f3n pl\u00e1stica -iconograf\u00eda","og_url":"https:\/\/fvarelaart.com\/en\/articulos\/esculpir-el-silencio-la-obra-de-fernando-varela2-4\/","og_site_name":"Fernando Varela","article_published_time":"2014-01-31T20:01:37+00:00","article_modified_time":"2024-03-14T20:13:10+00:00","og_image":[{"width":1650,"height":1100,"url":"https:\/\/fvarelaart.com\/wp-content\/uploads\/2024\/03\/fernando-varela-obras-2016-6.jpeg","type":"image\/jpeg"}],"author":"admin","twitter_card":"summary_large_image","twitter_misc":{"Written by":"admin","Est. reading time":"4 minutes"},"schema":{"@context":"https:\/\/schema.org","@graph":[{"@type":"Article","@id":"https:\/\/fvarelaart.com\/articulos\/esculpir-el-silencio-la-obra-de-fernando-varela2-4\/#article","isPartOf":{"@id":"https:\/\/fvarelaart.com\/articulos\/esculpir-el-silencio-la-obra-de-fernando-varela2-4\/"},"author":{"name":"admin","@id":"https:\/\/fvarelaart.com\/#\/schema\/person\/ab83a4f08ed7c4910565aa439171f4df"},"headline":"Fernando Varela o la plenitud del vac\u00edo","datePublished":"2014-01-31T20:01:37+00:00","dateModified":"2024-03-14T20:13:10+00:00","mainEntityOfPage":{"@id":"https:\/\/fvarelaart.com\/articulos\/esculpir-el-silencio-la-obra-de-fernando-varela2-4\/"},"wordCount":706,"publisher":{"@id":"https:\/\/fvarelaart.com\/#organization"},"image":{"@id":"https:\/\/fvarelaart.com\/articulos\/esculpir-el-silencio-la-obra-de-fernando-varela2-4\/#primaryimage"},"thumbnailUrl":"https:\/\/fvarelaart.com\/wp-content\/uploads\/2024\/03\/fernando-varela-obras-2016-6.jpeg","keywords":["forma2014"],"articleSection":["Art\u00edculos"],"inLanguage":"en-US"},{"@type":"WebPage","@id":"https:\/\/fvarelaart.com\/articulos\/esculpir-el-silencio-la-obra-de-fernando-varela2-4\/","url":"https:\/\/fvarelaart.com\/articulos\/esculpir-el-silencio-la-obra-de-fernando-varela2-4\/","name":"Fernando Varela or the fullness of emptiness - Fernando Varela","isPartOf":{"@id":"https:\/\/fvarelaart.com\/#website"},"primaryImageOfPage":{"@id":"https:\/\/fvarelaart.com\/articulos\/esculpir-el-silencio-la-obra-de-fernando-varela2-4\/#primaryimage"},"image":{"@id":"https:\/\/fvarelaart.com\/articulos\/esculpir-el-silencio-la-obra-de-fernando-varela2-4\/#primaryimage"},"thumbnailUrl":"https:\/\/fvarelaart.com\/wp-content\/uploads\/2024\/03\/fernando-varela-obras-2016-6.jpeg","datePublished":"2014-01-31T20:01:37+00:00","dateModified":"2024-03-14T20:13:10+00:00","breadcrumb":{"@id":"https:\/\/fvarelaart.com\/articulos\/esculpir-el-silencio-la-obra-de-fernando-varela2-4\/#breadcrumb"},"inLanguage":"en-US","potentialAction":[{"@type":"ReadAction","target":["https:\/\/fvarelaart.com\/articulos\/esculpir-el-silencio-la-obra-de-fernando-varela2-4\/"]}]},{"@type":"ImageObject","inLanguage":"en-US","@id":"https:\/\/fvarelaart.com\/articulos\/esculpir-el-silencio-la-obra-de-fernando-varela2-4\/#primaryimage","url":"https:\/\/fvarelaart.com\/wp-content\/uploads\/2024\/03\/fernando-varela-obras-2016-6.jpeg","contentUrl":"https:\/\/fvarelaart.com\/wp-content\/uploads\/2024\/03\/fernando-varela-obras-2016-6.jpeg","width":1650,"height":1100},{"@type":"BreadcrumbList","@id":"https:\/\/fvarelaart.com\/articulos\/esculpir-el-silencio-la-obra-de-fernando-varela2-4\/#breadcrumb","itemListElement":[{"@type":"ListItem","position":1,"name":"Home","item":"https:\/\/fvarelaart.com\/"},{"@type":"ListItem","position":2,"name":"Fernando Varela o la plenitud del vac\u00edo"}]},{"@type":"WebSite","@id":"https:\/\/fvarelaart.com\/#website","url":"https:\/\/fvarelaart.com\/","name":"Fernando Varela","description":"","publisher":{"@id":"https:\/\/fvarelaart.com\/#organization"},"potentialAction":[{"@type":"SearchAction","target":{"@type":"EntryPoint","urlTemplate":"https:\/\/fvarelaart.com\/?s={search_term_string}"},"query-input":{"@type":"PropertyValueSpecification","valueRequired":true,"valueName":"search_term_string"}}],"inLanguage":"en-US"},{"@type":"Organization","@id":"https:\/\/fvarelaart.com\/#organization","name":"Fernando Varela","url":"https:\/\/fvarelaart.com\/","logo":{"@type":"ImageObject","inLanguage":"en-US","@id":"https:\/\/fvarelaart.com\/#\/schema\/logo\/image\/","url":"https:\/\/fvarelaart.com\/wp-content\/uploads\/2023\/11\/varela-logo.jpg","contentUrl":"https:\/\/fvarelaart.com\/wp-content\/uploads\/2023\/11\/varela-logo.jpg","width":800,"height":356,"caption":"Fernando Varela"},"image":{"@id":"https:\/\/fvarelaart.com\/#\/schema\/logo\/image\/"},"sameAs":["https:\/\/www.instagram.com\/fernandovarelaart\/"]},{"@type":"Person","@id":"https:\/\/fvarelaart.com\/#\/schema\/person\/ab83a4f08ed7c4910565aa439171f4df","name":"admin","image":{"@type":"ImageObject","inLanguage":"en-US","@id":"https:\/\/fvarelaart.com\/#\/schema\/person\/image\/","url":"https:\/\/secure.gravatar.com\/avatar\/bdab60380a416e210cdbd645c620a4b3cac0bc7de841fee42b42b0e33cb71c30?s=96&d=mm&r=g","contentUrl":"https:\/\/secure.gravatar.com\/avatar\/bdab60380a416e210cdbd645c620a4b3cac0bc7de841fee42b42b0e33cb71c30?s=96&d=mm&r=g","caption":"admin"},"sameAs":["https:\/\/fvarelaart.com"],"url":"https:\/\/fvarelaart.com\/en\/author\/vsimpson\/"}]}},"_links":{"self":[{"href":"https:\/\/fvarelaart.com\/en\/wp-json\/wp\/v2\/posts\/21957","targetHints":{"allow":["GET"]}}],"collection":[{"href":"https:\/\/fvarelaart.com\/en\/wp-json\/wp\/v2\/posts"}],"about":[{"href":"https:\/\/fvarelaart.com\/en\/wp-json\/wp\/v2\/types\/post"}],"author":[{"embeddable":true,"href":"https:\/\/fvarelaart.com\/en\/wp-json\/wp\/v2\/users\/1"}],"replies":[{"embeddable":true,"href":"https:\/\/fvarelaart.com\/en\/wp-json\/wp\/v2\/comments?post=21957"}],"version-history":[{"count":5,"href":"https:\/\/fvarelaart.com\/en\/wp-json\/wp\/v2\/posts\/21957\/revisions"}],"predecessor-version":[{"id":21968,"href":"https:\/\/fvarelaart.com\/en\/wp-json\/wp\/v2\/posts\/21957\/revisions\/21968"}],"wp:featuredmedia":[{"embeddable":true,"href":"https:\/\/fvarelaart.com\/en\/wp-json\/wp\/v2\/media\/21623"}],"wp:attachment":[{"href":"https:\/\/fvarelaart.com\/en\/wp-json\/wp\/v2\/media?parent=21957"}],"wp:term":[{"taxonomy":"category","embeddable":true,"href":"https:\/\/fvarelaart.com\/en\/wp-json\/wp\/v2\/categories?post=21957"},{"taxonomy":"post_tag","embeddable":true,"href":"https:\/\/fvarelaart.com\/en\/wp-json\/wp\/v2\/tags?post=21957"}],"curies":[{"name":"wp","href":"https:\/\/api.w.org\/{rel}","templated":true}]}}