{"id":20429,"date":"2024-05-31T20:01:37","date_gmt":"2024-05-31T20:01:37","guid":{"rendered":"https:\/\/fvarelaart.com\/?p=20429"},"modified":"2025-12-09T22:42:37","modified_gmt":"2025-12-09T22:42:37","slug":"esculpir-el-silencio-la-obra-de-fernando-varela2","status":"publish","type":"post","link":"https:\/\/fvarelaart.com\/en\/articulos\/esculpir-el-silencio-la-obra-de-fernando-varela2\/","title":{"rendered":"Between Letters and Lines: Revelations in the Work of Fernando Varela"},"content":{"rendered":"<div data-elementor-type=\"wp-post\" data-elementor-id=\"20429\" class=\"elementor elementor-20429\" data-elementor-post-type=\"post\">\n\t\t\t\t<div class=\"wd-negative-gap elementor-element elementor-element-3b7f2369 e-flex e-con-boxed e-con e-parent\" data-id=\"3b7f2369\" data-element_type=\"container\">\n\t\t\t\t\t<div class=\"e-con-inner\">\n\t\t\t\t<div class=\"elementor-element elementor-element-58812a97 color-scheme-inherit text-left elementor-widget elementor-widget-text-editor\" data-id=\"58812a97\" data-element_type=\"widget\" data-widget_type=\"text-editor.default\">\n\t\t\t\t<div class=\"elementor-widget-container\">\n\t\t\t\t\t\t\t\t\t<p>Fernando Varela, renowned for his constant pursuit of innovation and conceptual depth in his work, surprises us once again with a virtually unprecedented collection. In this exhibition, Varela masterfully explores the interplay between language, space, emptiness, and color.<\/p><p>This artist&#039;s works constitute a meticulous study of the possibilities of text as a visual and conceptual intertwining in contemporary art. Through a skillful combination of overlapping letters and words, Varela creates compositions that challenge our perception, immersing us in a universe of hidden meanings and latent emotions.<\/p><p>One of the most striking series in this exhibition is the one based on thesauri, where Varela presents a wall covered with synonyms for a specific word. This linguistic exercise not only invites us to reflect on the power of language and the richness of words, but also prompts us to examine our own relationship with meaning and communication.<\/p><p>Furthermore, Varela&#039;s conscious use of color adds another dimension to his work. From soft, pastel tones to muddy browns and deep blacks, each color choice is carefully calculated to evoke a specific emotional response in the viewer.<\/p><p>However, beyond technique and style, what truly distinguishes Varela&#039;s work is his profound sensitivity and commitment to spiritual exploration. Each piece is a window into the artist&#039;s mind and heart, imbued with an emotional intensity that resonates in every brushstroke and every letter.<\/p><p>Ultimately, this exhibition is much more than a simple presentation of artworks; it is an introspective and emotional journey that invites us to reflect on our own existence and our destiny in this vast universe, exploring the depths of language and spirituality through the eyes and hands of Fernando Varela.<\/p>\t\t\t\t\t\t\t\t<\/div>\n\t\t\t\t<\/div>\n\t\t\t\t\t<\/div>\n\t\t\t\t<\/div>\n\t\t<div class=\"wd-negative-gap elementor-element elementor-element-d0514d0 e-flex e-con-boxed e-con e-parent\" data-id=\"d0514d0\" data-element_type=\"container\">\n\t\t\t\t\t<div class=\"e-con-inner\">\n\t\t<div class=\"elementor-element elementor-element-6476792 e-con-full e-flex e-con e-child\" data-id=\"6476792\" data-element_type=\"container\">\n\t\t\t\t<div class=\"elementor-element elementor-element-f8ea7be elementor-widget elementor-widget-heading\" data-id=\"f8ea7be\" data-element_type=\"widget\" data-widget_type=\"heading.default\">\n\t\t\t\t<div class=\"elementor-widget-container\">\n\t\t\t\t\t<span class=\"elementor-heading-title elementor-size-default\">Luz Botero<\/span>\t\t\t\t<\/div>\n\t\t\t\t<\/div>\n\t\t\t\t<div class=\"elementor-element elementor-element-24af872 elementor-widget elementor-widget-heading\" data-id=\"24af872\" data-element_type=\"widget\" data-widget_type=\"heading.default\">\n\t\t\t\t<div class=\"elementor-widget-container\">\n\t\t\t\t\t<span class=\"elementor-heading-title elementor-size-default\">Curator<\/span>\t\t\t\t<\/div>\n\t\t\t\t<\/div>\n\t\t\t\t<div class=\"elementor-element elementor-element-7b7989c elementor-widget elementor-widget-heading\" data-id=\"7b7989c\" data-element_type=\"widget\" data-widget_type=\"heading.default\">\n\t\t\t\t<div class=\"elementor-widget-container\">\n\t\t\t\t\t<span class=\"elementor-heading-title elementor-size-default\">2024<\/span>\t\t\t\t<\/div>\n\t\t\t\t<\/div>\n\t\t\t\t<\/div>\n\t\t\t\t\t<\/div>\n\t\t\t\t<\/div>\n\t\t<div class=\"wd-negative-gap elementor-element elementor-element-0b779ee e-flex e-con-boxed e-con e-parent\" data-id=\"0b779ee\" data-element_type=\"container\">\n\t\t\t\t\t<div class=\"e-con-inner\">\n\t\t<div class=\"elementor-element elementor-element-f12dc47 e-con-full e-flex e-con e-child\" data-id=\"f12dc47\" data-element_type=\"container\">\n\t\t\t\t<div class=\"elementor-element elementor-element-808116f elementor-widget elementor-widget-heading\" data-id=\"808116f\" data-element_type=\"widget\" data-widget_type=\"heading.default\">\n\t\t\t\t<div class=\"elementor-widget-container\">\n\t\t\t\t\t<h1 class=\"elementor-heading-title elementor-size-default\">Related Exhibition<\/h1>\t\t\t\t<\/div>\n\t\t\t\t<\/div>\n\t\t\t\t<div class=\"elementor-element elementor-element-366be88 elementor-widget-divider--view-line elementor-widget elementor-widget-divider\" data-id=\"366be88\" data-element_type=\"widget\" data-widget_type=\"divider.default\">\n\t\t\t\t<div class=\"elementor-widget-container\">\n\t\t\t\t\t\t\t<div class=\"elementor-divider\">\n\t\t\t<span class=\"elementor-divider-separator\">\n\t\t\t\t\t\t<\/span>\n\t\t<\/div>\n\t\t\t\t\t\t<\/div>\n\t\t\t\t<\/div>\n\t\t\t\t<div class=\"elementor-element elementor-element-27e06b2 elementor-grid-1 elementor-grid-tablet-2 elementor-grid-mobile-1 elementor-widget elementor-widget-loop-grid\" data-id=\"27e06b2\" data-element_type=\"widget\" data-settings=\"{&quot;template_id&quot;:&quot;20395&quot;,&quot;columns&quot;:1,&quot;_skin&quot;:&quot;post&quot;,&quot;columns_tablet&quot;:&quot;2&quot;,&quot;columns_mobile&quot;:&quot;1&quot;,&quot;edit_handle_selector&quot;:&quot;[data-elementor-type=\\&quot;loop-item\\&quot;]&quot;,&quot;row_gap&quot;:{&quot;unit&quot;:&quot;px&quot;,&quot;size&quot;:&quot;&quot;,&quot;sizes&quot;:[]},&quot;row_gap_tablet_extra&quot;:{&quot;unit&quot;:&quot;px&quot;,&quot;size&quot;:&quot;&quot;,&quot;sizes&quot;:[]},&quot;row_gap_tablet&quot;:{&quot;unit&quot;:&quot;px&quot;,&quot;size&quot;:&quot;&quot;,&quot;sizes&quot;:[]},&quot;row_gap_mobile_extra&quot;:{&quot;unit&quot;:&quot;px&quot;,&quot;size&quot;:&quot;&quot;,&quot;sizes&quot;:[]},&quot;row_gap_mobile&quot;:{&quot;unit&quot;:&quot;px&quot;,&quot;size&quot;:&quot;&quot;,&quot;sizes&quot;:[]}}\" data-widget_type=\"loop-grid.post\">\n\t\t\t\t<div class=\"elementor-widget-container\">\n\t\t\t\t\t\t\t<div class=\"elementor-loop-container elementor-grid\" role=\"list\">\n\t\t<style id=\"loop-20395\">.elementor-20395 .elementor-element.elementor-element-0edc8fb{--display:flex;--flex-direction:row;--container-widget-width:initial;--container-widget-height:100%;--container-widget-flex-grow:1;--container-widget-align-self:stretch;--flex-wrap-mobile:wrap;--gap:0px 0px;--row-gap:0px;--column-gap:0px;}.elementor-20395 .elementor-element.elementor-element-7defc17{--display:flex;--flex-direction:column;--container-widget-width:100%;--container-widget-height:initial;--container-widget-flex-grow:0;--container-widget-align-self:initial;--flex-wrap-mobile:wrap;}.elementor-20395 .elementor-element.elementor-element-0bedafc img{border-radius:5px 5px 5px 5px;}.elementor-20395 .elementor-element.elementor-element-b598078{--display:flex;--flex-direction:column;--container-widget-width:100%;--container-widget-height:initial;--container-widget-flex-grow:0;--container-widget-align-self:initial;--flex-wrap-mobile:wrap;--gap:10px 10px;--row-gap:10px;--column-gap:10px;}.elementor-20395 .elementor-element.elementor-element-b897e3d .elementor-heading-title{font-size:2.5em;font-weight:300;}.elementor-20395 .elementor-element.elementor-element-84359c5 .elementor-heading-title{font-size:1.3em;font-weight:400;}.elementor-20395 .elementor-element.elementor-element-8129ba5 .elementor-heading-title{font-size:1.3em;font-weight:400;}.elementor-20395 .elementor-element.elementor-element-f65b6e9 .elementor-heading-title{font-size:1.3em;font-weight:400;}@media(min-width:768px){.elementor-20395 .elementor-element.elementor-element-0edc8fb{--content-width:100%;}.elementor-20395 .elementor-element.elementor-element-7defc17{--width:33.3333%;}.elementor-20395 .elementor-element.elementor-element-b598078{--width:66.6666%;}}<\/style>\t\t<div data-elementor-type=\"loop-item\" data-elementor-id=\"20395\" class=\"elementor elementor-20395 e-loop-item e-loop-item-22640 post-22640 portfolio type-portfolio status-publish has-post-thumbnail hentry project-cat-159\" data-elementor-post-type=\"elementor_library\" data-custom-edit-handle=\"1\">\n\t\t\t<div class=\"elementor-element elementor-element-0edc8fb e-flex e-con-boxed e-con e-parent\" data-id=\"0edc8fb\" data-element_type=\"container\">\n\t\t\t\t\t<div class=\"e-con-inner\">\n\t\t<div class=\"elementor-element elementor-element-7defc17 e-con-full e-flex e-con e-child\" data-id=\"7defc17\" data-element_type=\"container\">\n\t\t\t\t<div class=\"elementor-element elementor-element-0bedafc elementor-widget elementor-widget-image\" data-id=\"0bedafc\" data-element_type=\"widget\" data-widget_type=\"image.default\">\n\t\t\t\t<div class=\"elementor-widget-container\">\n\t\t\t\t\t\t\t\t\t\t\t\t\t\t\t\t<a href=\"https:\/\/fvarelaart.com\/en\/expo\/ensayos-sobre-el-infinito-2\/\">\n\t\t\t\t\t\t\t<img loading=\"lazy\" decoding=\"async\" width=\"1212\" height=\"800\" src=\"https:\/\/fvarelaart.com\/wp-content\/uploads\/2025\/12\/fernando-varela-facci-2024-enlazando-mundos-7-1212x800.jpg\" class=\"attachment-large size-large wp-image-22684\" alt=\"\" srcset=\"https:\/\/fvarelaart.com\/wp-content\/uploads\/2025\/12\/fernando-varela-facci-2024-enlazando-mundos-7-1212x800.jpg 1212w, https:\/\/fvarelaart.com\/wp-content\/uploads\/2025\/12\/fernando-varela-facci-2024-enlazando-mundos-7-400x264.jpg 400w, https:\/\/fvarelaart.com\/wp-content\/uploads\/2025\/12\/fernando-varela-facci-2024-enlazando-mundos-7-768x507.jpg 768w, https:\/\/fvarelaart.com\/wp-content\/uploads\/2025\/12\/fernando-varela-facci-2024-enlazando-mundos-7-1536x1014.jpg 1536w, https:\/\/fvarelaart.com\/wp-content\/uploads\/2025\/12\/fernando-varela-facci-2024-enlazando-mundos-7-2048x1352.jpg 2048w, https:\/\/fvarelaart.com\/wp-content\/uploads\/2025\/12\/fernando-varela-facci-2024-enlazando-mundos-7-18x12.jpg 18w\" sizes=\"auto, (max-width: 1212px) 100vw, 1212px\" \/>\t\t\t\t\t\t\t\t<\/a>\n\t\t\t\t\t\t\t\t\t\t\t\t\t\t\t<\/div>\n\t\t\t\t<\/div>\n\t\t\t\t<\/div>\n\t\t<div class=\"elementor-element elementor-element-b598078 e-con-full e-flex e-con e-child\" data-id=\"b598078\" data-element_type=\"container\">\n\t\t\t\t<div class=\"elementor-element elementor-element-b897e3d elementor-widget elementor-widget-heading\" data-id=\"b897e3d\" data-element_type=\"widget\" data-widget_type=\"heading.default\">\n\t\t\t\t<div class=\"elementor-widget-container\">\n\t\t\t\t\t<h2 class=\"elementor-heading-title elementor-size-default\"><a href=\"https:\/\/fvarelaart.com\/en\/expo\/ensayos-sobre-el-infinito-2\/\">Linking Worlds<\/a><\/h2>\t\t\t\t<\/div>\n\t\t\t\t<\/div>\n\t\t\t\t<div class=\"elementor-element elementor-element-84359c5 elementor-widget elementor-widget-heading\" data-id=\"84359c5\" data-element_type=\"widget\" data-widget_type=\"heading.default\">\n\t\t\t\t<div class=\"elementor-widget-container\">\n\t\t\t\t\t<h2 class=\"elementor-heading-title elementor-size-default\"><a href=\"https:\/\/fvarelaart.com\/en\/expo\/ensayos-sobre-el-infinito-2\/\">Museum of Modern Art<\/a><\/h2>\t\t\t\t<\/div>\n\t\t\t\t<\/div>\n\t\t\t\t<div class=\"elementor-element elementor-element-8129ba5 elementor-widget elementor-widget-heading\" data-id=\"8129ba5\" data-element_type=\"widget\" data-widget_type=\"heading.default\">\n\t\t\t\t<div class=\"elementor-widget-container\">\n\t\t\t\t\t<h2 class=\"elementor-heading-title elementor-size-default\"><a href=\"https:\/\/fvarelaart.com\/en\/expo\/ensayos-sobre-el-infinito-2\/\">Santo Domingo Dominican Republic<\/a><\/h2>\t\t\t\t<\/div>\n\t\t\t\t<\/div>\n\t\t\t\t<div class=\"elementor-element elementor-element-f65b6e9 elementor-widget elementor-widget-heading\" data-id=\"f65b6e9\" data-element_type=\"widget\" data-widget_type=\"heading.default\">\n\t\t\t\t<div class=\"elementor-widget-container\">\n\t\t\t\t\t<h2 class=\"elementor-heading-title elementor-size-default\"><a href=\"https:\/\/fvarelaart.com\/en\/expo\/ensayos-sobre-el-infinito-2\/\">2024<\/a><\/h2>\t\t\t\t<\/div>\n\t\t\t\t<\/div>\n\t\t\t\t<\/div>\n\t\t\t\t\t<\/div>\n\t\t\t\t<\/div>\n\t\t\t\t<\/div>\n\t\t\t\t<\/div>\n\t\t\n\t\t\t\t\t\t<\/div>\n\t\t\t\t<\/div>\n\t\t\t\t<\/div>\n\t\t\t\t\t<\/div>\n\t\t\t\t<\/div>\n\t\t\t\t<\/div>","protected":false},"excerpt":{"rendered":"<p>Fernando Varela, renowned for his constant pursuit of innovation and conceptual depth in his work, surprises us once again.<\/p>","protected":false},"author":1,"featured_media":22700,"comment_status":"closed","ping_status":"closed","sticky":false,"template":"","format":"standard","meta":{"_acf_changed":false,"footnotes":"","_links_to":"","_links_to_target":""},"categories":[130],"tags":[160],"class_list":["post-20429","post","type-post","status-publish","format-standard","has-post-thumbnail","hentry","category-articulos","tag-enlazando-mundos"],"acf":[],"yoast_head":"<!-- This site is optimized with the Yoast SEO plugin v26.5 - https:\/\/yoast.com\/wordpress\/plugins\/seo\/ -->\n<title>Entre Letras y L\u00edneas: Revelaciones en la Obra de Fernando Varela - Fernando Varela<\/title>\n<meta name=\"robots\" content=\"index, follow, max-snippet:-1, max-image-preview:large, max-video-preview:-1\" \/>\n<link rel=\"canonical\" href=\"https:\/\/fvarelaart.com\/en\/articulos\/esculpir-el-silencio-la-obra-de-fernando-varela2\/\" \/>\n<meta property=\"og:locale\" content=\"en_US\" \/>\n<meta property=\"og:type\" content=\"article\" \/>\n<meta property=\"og:title\" content=\"Entre Letras y L\u00edneas: Revelaciones en la Obra de Fernando Varela - Fernando Varela\" \/>\n<meta property=\"og:description\" content=\"Fernando Varela, reconocido por su constante b\u00fasqueda de innovaci\u00f3n y profundidad conceptual en su obra, nos sorprende una vez m\u00e1s\" \/>\n<meta property=\"og:url\" content=\"https:\/\/fvarelaart.com\/en\/articulos\/esculpir-el-silencio-la-obra-de-fernando-varela2\/\" \/>\n<meta property=\"og:site_name\" content=\"Fernando Varela\" \/>\n<meta property=\"article:published_time\" content=\"2024-05-31T20:01:37+00:00\" \/>\n<meta property=\"article:modified_time\" content=\"2025-12-09T22:42:37+00:00\" \/>\n<meta property=\"og:image\" content=\"https:\/\/fvarelaart.com\/wp-content\/uploads\/2025\/12\/fernando-varela-facci-2024-enlazando-mundos-18-1-scaled.jpg\" \/>\n\t<meta property=\"og:image:width\" content=\"2560\" \/>\n\t<meta property=\"og:image:height\" content=\"1920\" \/>\n\t<meta property=\"og:image:type\" content=\"image\/jpeg\" \/>\n<meta name=\"author\" content=\"admin\" \/>\n<meta name=\"twitter:card\" content=\"summary_large_image\" \/>\n<meta name=\"twitter:label1\" content=\"Written by\" \/>\n\t<meta name=\"twitter:data1\" content=\"admin\" \/>\n\t<meta name=\"twitter:label2\" content=\"Est. reading time\" \/>\n\t<meta name=\"twitter:data2\" content=\"2 minutes\" \/>\n<script type=\"application\/ld+json\" class=\"yoast-schema-graph\">{\"@context\":\"https:\/\/schema.org\",\"@graph\":[{\"@type\":\"Article\",\"@id\":\"https:\/\/fvarelaart.com\/articulos\/esculpir-el-silencio-la-obra-de-fernando-varela2\/#article\",\"isPartOf\":{\"@id\":\"https:\/\/fvarelaart.com\/articulos\/esculpir-el-silencio-la-obra-de-fernando-varela2\/\"},\"author\":{\"name\":\"admin\",\"@id\":\"https:\/\/fvarelaart.com\/#\/schema\/person\/ab83a4f08ed7c4910565aa439171f4df\"},\"headline\":\"Entre Letras y L\u00edneas: Revelaciones en la Obra de Fernando Varela\",\"datePublished\":\"2024-05-31T20:01:37+00:00\",\"dateModified\":\"2025-12-09T22:42:37+00:00\",\"mainEntityOfPage\":{\"@id\":\"https:\/\/fvarelaart.com\/articulos\/esculpir-el-silencio-la-obra-de-fernando-varela2\/\"},\"wordCount\":359,\"publisher\":{\"@id\":\"https:\/\/fvarelaart.com\/#organization\"},\"image\":{\"@id\":\"https:\/\/fvarelaart.com\/articulos\/esculpir-el-silencio-la-obra-de-fernando-varela2\/#primaryimage\"},\"thumbnailUrl\":\"https:\/\/fvarelaart.com\/wp-content\/uploads\/2025\/12\/fernando-varela-facci-2024-enlazando-mundos-18-1-scaled.jpg\",\"keywords\":[\"enlazando mundos\"],\"articleSection\":[\"Art\u00edculos\"],\"inLanguage\":\"en-US\"},{\"@type\":\"WebPage\",\"@id\":\"https:\/\/fvarelaart.com\/articulos\/esculpir-el-silencio-la-obra-de-fernando-varela2\/\",\"url\":\"https:\/\/fvarelaart.com\/articulos\/esculpir-el-silencio-la-obra-de-fernando-varela2\/\",\"name\":\"Entre Letras y L\u00edneas: Revelaciones en la Obra de Fernando Varela - Fernando Varela\",\"isPartOf\":{\"@id\":\"https:\/\/fvarelaart.com\/#website\"},\"primaryImageOfPage\":{\"@id\":\"https:\/\/fvarelaart.com\/articulos\/esculpir-el-silencio-la-obra-de-fernando-varela2\/#primaryimage\"},\"image\":{\"@id\":\"https:\/\/fvarelaart.com\/articulos\/esculpir-el-silencio-la-obra-de-fernando-varela2\/#primaryimage\"},\"thumbnailUrl\":\"https:\/\/fvarelaart.com\/wp-content\/uploads\/2025\/12\/fernando-varela-facci-2024-enlazando-mundos-18-1-scaled.jpg\",\"datePublished\":\"2024-05-31T20:01:37+00:00\",\"dateModified\":\"2025-12-09T22:42:37+00:00\",\"breadcrumb\":{\"@id\":\"https:\/\/fvarelaart.com\/articulos\/esculpir-el-silencio-la-obra-de-fernando-varela2\/#breadcrumb\"},\"inLanguage\":\"en-US\",\"potentialAction\":[{\"@type\":\"ReadAction\",\"target\":[\"https:\/\/fvarelaart.com\/articulos\/esculpir-el-silencio-la-obra-de-fernando-varela2\/\"]}]},{\"@type\":\"ImageObject\",\"inLanguage\":\"en-US\",\"@id\":\"https:\/\/fvarelaart.com\/articulos\/esculpir-el-silencio-la-obra-de-fernando-varela2\/#primaryimage\",\"url\":\"https:\/\/fvarelaart.com\/wp-content\/uploads\/2025\/12\/fernando-varela-facci-2024-enlazando-mundos-18-1-scaled.jpg\",\"contentUrl\":\"https:\/\/fvarelaart.com\/wp-content\/uploads\/2025\/12\/fernando-varela-facci-2024-enlazando-mundos-18-1-scaled.jpg\",\"width\":2560,\"height\":1920},{\"@type\":\"BreadcrumbList\",\"@id\":\"https:\/\/fvarelaart.com\/articulos\/esculpir-el-silencio-la-obra-de-fernando-varela2\/#breadcrumb\",\"itemListElement\":[{\"@type\":\"ListItem\",\"position\":1,\"name\":\"Home\",\"item\":\"https:\/\/fvarelaart.com\/\"},{\"@type\":\"ListItem\",\"position\":2,\"name\":\"Entre Letras y L\u00edneas: Revelaciones en la Obra de Fernando Varela\"}]},{\"@type\":\"WebSite\",\"@id\":\"https:\/\/fvarelaart.com\/#website\",\"url\":\"https:\/\/fvarelaart.com\/\",\"name\":\"Fernando Varela\",\"description\":\"\",\"publisher\":{\"@id\":\"https:\/\/fvarelaart.com\/#organization\"},\"potentialAction\":[{\"@type\":\"SearchAction\",\"target\":{\"@type\":\"EntryPoint\",\"urlTemplate\":\"https:\/\/fvarelaart.com\/?s={search_term_string}\"},\"query-input\":{\"@type\":\"PropertyValueSpecification\",\"valueRequired\":true,\"valueName\":\"search_term_string\"}}],\"inLanguage\":\"en-US\"},{\"@type\":\"Organization\",\"@id\":\"https:\/\/fvarelaart.com\/#organization\",\"name\":\"Fernando Varela\",\"url\":\"https:\/\/fvarelaart.com\/\",\"logo\":{\"@type\":\"ImageObject\",\"inLanguage\":\"en-US\",\"@id\":\"https:\/\/fvarelaart.com\/#\/schema\/logo\/image\/\",\"url\":\"https:\/\/fvarelaart.com\/wp-content\/uploads\/2023\/11\/varela-logo.jpg\",\"contentUrl\":\"https:\/\/fvarelaart.com\/wp-content\/uploads\/2023\/11\/varela-logo.jpg\",\"width\":800,\"height\":356,\"caption\":\"Fernando Varela\"},\"image\":{\"@id\":\"https:\/\/fvarelaart.com\/#\/schema\/logo\/image\/\"},\"sameAs\":[\"https:\/\/www.instagram.com\/fernandovarelaart\/\"]},{\"@type\":\"Person\",\"@id\":\"https:\/\/fvarelaart.com\/#\/schema\/person\/ab83a4f08ed7c4910565aa439171f4df\",\"name\":\"admin\",\"image\":{\"@type\":\"ImageObject\",\"inLanguage\":\"en-US\",\"@id\":\"https:\/\/fvarelaart.com\/#\/schema\/person\/image\/\",\"url\":\"https:\/\/secure.gravatar.com\/avatar\/bdab60380a416e210cdbd645c620a4b3cac0bc7de841fee42b42b0e33cb71c30?s=96&d=mm&r=g\",\"contentUrl\":\"https:\/\/secure.gravatar.com\/avatar\/bdab60380a416e210cdbd645c620a4b3cac0bc7de841fee42b42b0e33cb71c30?s=96&d=mm&r=g\",\"caption\":\"admin\"},\"sameAs\":[\"https:\/\/fvarelaart.com\"],\"url\":\"https:\/\/fvarelaart.com\/en\/author\/vsimpson\/\"}]}<\/script>\n<!-- \/ Yoast SEO plugin. -->","yoast_head_json":{"title":"Between Letters and Lines: Revelations in the Work of Fernando Varela - Fernando Varela","robots":{"index":"index","follow":"follow","max-snippet":"max-snippet:-1","max-image-preview":"max-image-preview:large","max-video-preview":"max-video-preview:-1"},"canonical":"https:\/\/fvarelaart.com\/en\/articulos\/esculpir-el-silencio-la-obra-de-fernando-varela2\/","og_locale":"en_US","og_type":"article","og_title":"Entre Letras y L\u00edneas: Revelaciones en la Obra de Fernando Varela - Fernando Varela","og_description":"Fernando Varela, reconocido por su constante b\u00fasqueda de innovaci\u00f3n y profundidad conceptual en su obra, nos sorprende una vez m\u00e1s","og_url":"https:\/\/fvarelaart.com\/en\/articulos\/esculpir-el-silencio-la-obra-de-fernando-varela2\/","og_site_name":"Fernando Varela","article_published_time":"2024-05-31T20:01:37+00:00","article_modified_time":"2025-12-09T22:42:37+00:00","og_image":[{"width":2560,"height":1920,"url":"https:\/\/fvarelaart.com\/wp-content\/uploads\/2025\/12\/fernando-varela-facci-2024-enlazando-mundos-18-1-scaled.jpg","type":"image\/jpeg"}],"author":"admin","twitter_card":"summary_large_image","twitter_misc":{"Written by":"admin","Est. reading time":"2 minutes"},"schema":{"@context":"https:\/\/schema.org","@graph":[{"@type":"Article","@id":"https:\/\/fvarelaart.com\/articulos\/esculpir-el-silencio-la-obra-de-fernando-varela2\/#article","isPartOf":{"@id":"https:\/\/fvarelaart.com\/articulos\/esculpir-el-silencio-la-obra-de-fernando-varela2\/"},"author":{"name":"admin","@id":"https:\/\/fvarelaart.com\/#\/schema\/person\/ab83a4f08ed7c4910565aa439171f4df"},"headline":"Entre Letras y L\u00edneas: Revelaciones en la Obra de Fernando Varela","datePublished":"2024-05-31T20:01:37+00:00","dateModified":"2025-12-09T22:42:37+00:00","mainEntityOfPage":{"@id":"https:\/\/fvarelaart.com\/articulos\/esculpir-el-silencio-la-obra-de-fernando-varela2\/"},"wordCount":359,"publisher":{"@id":"https:\/\/fvarelaart.com\/#organization"},"image":{"@id":"https:\/\/fvarelaart.com\/articulos\/esculpir-el-silencio-la-obra-de-fernando-varela2\/#primaryimage"},"thumbnailUrl":"https:\/\/fvarelaart.com\/wp-content\/uploads\/2025\/12\/fernando-varela-facci-2024-enlazando-mundos-18-1-scaled.jpg","keywords":["enlazando mundos"],"articleSection":["Art\u00edculos"],"inLanguage":"en-US"},{"@type":"WebPage","@id":"https:\/\/fvarelaart.com\/articulos\/esculpir-el-silencio-la-obra-de-fernando-varela2\/","url":"https:\/\/fvarelaart.com\/articulos\/esculpir-el-silencio-la-obra-de-fernando-varela2\/","name":"Between Letters and Lines: Revelations in the Work of Fernando Varela - Fernando Varela","isPartOf":{"@id":"https:\/\/fvarelaart.com\/#website"},"primaryImageOfPage":{"@id":"https:\/\/fvarelaart.com\/articulos\/esculpir-el-silencio-la-obra-de-fernando-varela2\/#primaryimage"},"image":{"@id":"https:\/\/fvarelaart.com\/articulos\/esculpir-el-silencio-la-obra-de-fernando-varela2\/#primaryimage"},"thumbnailUrl":"https:\/\/fvarelaart.com\/wp-content\/uploads\/2025\/12\/fernando-varela-facci-2024-enlazando-mundos-18-1-scaled.jpg","datePublished":"2024-05-31T20:01:37+00:00","dateModified":"2025-12-09T22:42:37+00:00","breadcrumb":{"@id":"https:\/\/fvarelaart.com\/articulos\/esculpir-el-silencio-la-obra-de-fernando-varela2\/#breadcrumb"},"inLanguage":"en-US","potentialAction":[{"@type":"ReadAction","target":["https:\/\/fvarelaart.com\/articulos\/esculpir-el-silencio-la-obra-de-fernando-varela2\/"]}]},{"@type":"ImageObject","inLanguage":"en-US","@id":"https:\/\/fvarelaart.com\/articulos\/esculpir-el-silencio-la-obra-de-fernando-varela2\/#primaryimage","url":"https:\/\/fvarelaart.com\/wp-content\/uploads\/2025\/12\/fernando-varela-facci-2024-enlazando-mundos-18-1-scaled.jpg","contentUrl":"https:\/\/fvarelaart.com\/wp-content\/uploads\/2025\/12\/fernando-varela-facci-2024-enlazando-mundos-18-1-scaled.jpg","width":2560,"height":1920},{"@type":"BreadcrumbList","@id":"https:\/\/fvarelaart.com\/articulos\/esculpir-el-silencio-la-obra-de-fernando-varela2\/#breadcrumb","itemListElement":[{"@type":"ListItem","position":1,"name":"Home","item":"https:\/\/fvarelaart.com\/"},{"@type":"ListItem","position":2,"name":"Entre Letras y L\u00edneas: Revelaciones en la Obra de Fernando Varela"}]},{"@type":"WebSite","@id":"https:\/\/fvarelaart.com\/#website","url":"https:\/\/fvarelaart.com\/","name":"Fernando Varela","description":"","publisher":{"@id":"https:\/\/fvarelaart.com\/#organization"},"potentialAction":[{"@type":"SearchAction","target":{"@type":"EntryPoint","urlTemplate":"https:\/\/fvarelaart.com\/?s={search_term_string}"},"query-input":{"@type":"PropertyValueSpecification","valueRequired":true,"valueName":"search_term_string"}}],"inLanguage":"en-US"},{"@type":"Organization","@id":"https:\/\/fvarelaart.com\/#organization","name":"Fernando Varela","url":"https:\/\/fvarelaart.com\/","logo":{"@type":"ImageObject","inLanguage":"en-US","@id":"https:\/\/fvarelaart.com\/#\/schema\/logo\/image\/","url":"https:\/\/fvarelaart.com\/wp-content\/uploads\/2023\/11\/varela-logo.jpg","contentUrl":"https:\/\/fvarelaart.com\/wp-content\/uploads\/2023\/11\/varela-logo.jpg","width":800,"height":356,"caption":"Fernando Varela"},"image":{"@id":"https:\/\/fvarelaart.com\/#\/schema\/logo\/image\/"},"sameAs":["https:\/\/www.instagram.com\/fernandovarelaart\/"]},{"@type":"Person","@id":"https:\/\/fvarelaart.com\/#\/schema\/person\/ab83a4f08ed7c4910565aa439171f4df","name":"admin","image":{"@type":"ImageObject","inLanguage":"en-US","@id":"https:\/\/fvarelaart.com\/#\/schema\/person\/image\/","url":"https:\/\/secure.gravatar.com\/avatar\/bdab60380a416e210cdbd645c620a4b3cac0bc7de841fee42b42b0e33cb71c30?s=96&d=mm&r=g","contentUrl":"https:\/\/secure.gravatar.com\/avatar\/bdab60380a416e210cdbd645c620a4b3cac0bc7de841fee42b42b0e33cb71c30?s=96&d=mm&r=g","caption":"admin"},"sameAs":["https:\/\/fvarelaart.com"],"url":"https:\/\/fvarelaart.com\/en\/author\/vsimpson\/"}]}},"_links":{"self":[{"href":"https:\/\/fvarelaart.com\/en\/wp-json\/wp\/v2\/posts\/20429","targetHints":{"allow":["GET"]}}],"collection":[{"href":"https:\/\/fvarelaart.com\/en\/wp-json\/wp\/v2\/posts"}],"about":[{"href":"https:\/\/fvarelaart.com\/en\/wp-json\/wp\/v2\/types\/post"}],"author":[{"embeddable":true,"href":"https:\/\/fvarelaart.com\/en\/wp-json\/wp\/v2\/users\/1"}],"replies":[{"embeddable":true,"href":"https:\/\/fvarelaart.com\/en\/wp-json\/wp\/v2\/comments?post=20429"}],"version-history":[{"count":5,"href":"https:\/\/fvarelaart.com\/en\/wp-json\/wp\/v2\/posts\/20429\/revisions"}],"predecessor-version":[{"id":22719,"href":"https:\/\/fvarelaart.com\/en\/wp-json\/wp\/v2\/posts\/20429\/revisions\/22719"}],"wp:featuredmedia":[{"embeddable":true,"href":"https:\/\/fvarelaart.com\/en\/wp-json\/wp\/v2\/media\/22700"}],"wp:attachment":[{"href":"https:\/\/fvarelaart.com\/en\/wp-json\/wp\/v2\/media?parent=20429"}],"wp:term":[{"taxonomy":"category","embeddable":true,"href":"https:\/\/fvarelaart.com\/en\/wp-json\/wp\/v2\/categories?post=20429"},{"taxonomy":"post_tag","embeddable":true,"href":"https:\/\/fvarelaart.com\/en\/wp-json\/wp\/v2\/tags?post=20429"}],"curies":[{"name":"wp","href":"https:\/\/api.w.org\/{rel}","templated":true}]}}